{"id":29717,"date":"2017-05-11T19:34:33","date_gmt":"2017-05-12T00:34:33","guid":{"rendered":"http:\/\/contraluzcucuta.co\/?p=29717"},"modified":"2017-05-14T19:57:10","modified_gmt":"2017-05-15T00:57:10","slug":"perfil-chogun-hagamos-juntos-una-mejor-sociedad","status":"publish","type":"post","link":"https:\/\/contraluzcucuta.co\/?p=29717","title":{"rendered":"PERFIL. \u2018Chog\u00fan\u2019: Hagamos juntos una mejor sociedad"},"content":{"rendered":"<p>El momento de trascender es \u00fanico para el hombre, su proceso de formaci\u00f3n aumenta con el pasar de los a\u00f1os. El desgaste que provoca el recorrer la vida desvanece las esperanzas. Un objetivo alcanzado acopla los intereses particulares que concibe su andar. Una ilusi\u00f3n, el despertar cada ma\u00f1ana para quien eligi\u00f3 las artes como medio de insurrecci\u00f3n.<\/p>\n<p>Una corbata, nariz de payaso, medias largas de colores, camisa manga larga, barba, tirantas, sombrero negro y un cartel con letras en azul y rojo (que simbolizan la divisi\u00f3n pol\u00edtica de la regi\u00f3n): \u201cHagamos juntos una mejor sociedad, donde no se viva de las necesidades humanas\u201d. As\u00ed es el payaso Chogun en las presentaciones diarias en los sem\u00e1foros de C\u00facuta.<\/p>\n<p>Juan Jos\u00e9 o \u2018Chogun\u2019, como es conocido en el medio, desarroll\u00f3 su vida en un ambiente art\u00edstico. Desde ni\u00f1o form\u00f3 parte de grupos musicales, teatro y malabares, guiado por su madre Mar\u00eda Valentina de quien hered\u00f3 el m\u00e1s preciado tesoro, las creencias ind\u00edgenas. \u201cMi vieja fue una gran sabia\u201d, dice entre los dientes y con tono melanc\u00f3lico al recordarla para agradecerle por cada ense\u00f1anza y por la inspiraci\u00f3n de innumerables momentos, aquellos que parec\u00edan no parar.<\/p>\n<p>\u201cUn r\u00edo que perdi\u00f3 el cauce y se desvanece en el horizonte. Un sentimiento que estimul\u00f3 mi pasi\u00f3n por el circo y un estilo que se sale de los c\u00f3digos sociales. Una semilla que florece d\u00eda a d\u00eda en el imaginario\u201d.<\/p>\n<p>Tal vez sin una figura paterna, pero con la imagen intacta de lo que fue en lo poco que comparti\u00f3, Juan Jos\u00e9 no fue lo que las esferas sociales pronostican. Se convirti\u00f3 en payaso, uno al que los a\u00f1os no le puedan desarraigar la alegr\u00eda que caracteriza a los venezolanos.<\/p>\n<p>Oriundo de las aguas del r\u00edo San Pedro, en Los Teques. Tiene 32 a\u00f1os. Lleg\u00f3 a la ciudad meses atr\u00e1s con el prop\u00f3sito de mostrar otra cara de su tierra, una a la que la delincuencia y la inseguridad no han permeado. Una colmada de riquezas culturales dispuestas a ser reconocidas.<\/p>\n<p>En el andar como cirquero disfruta del conocimiento de diferentes culturas, rasgos que hacen a cada civilizaci\u00f3n \u00fanica. \u201cCada ense\u00f1anza es gratificante, esperaba encontrarme algo nuevo en cada viaje\u201d. Adem\u00e1s de Colombia, ha estado en Argentina, Brasil, M\u00e9xico, Honduras, Guatemala y Costa Rica, emanando en cada faro la torpeza que diferencia su personificaci\u00f3n.<\/p>\n<p>Juan Jos\u00e9 disfruta del ambiente alejado de la globalizaci\u00f3n, no pierde instante para revivir el ni\u00f1o que lleva dentro. Cuarenta segundos son el pasaje al recuerdo de aquella infancia que marc\u00f3 las largas rutinas en el conservatorio de m\u00fasica \u2018Vicente Emilio Sojo\u2019, en Barquisimeto, su tierra adoptiva.<\/p>\n<p>En el morral lleva ilusiones y con el coraz\u00f3n arrugado por el eco que provocan en la mente las palabras de su madre le dijo, \u201cel circo no hace ni forma hombres\u201d, cuando decidi\u00f3 salir al mundo con lo que lo hace especial, el humor. Hoy, despu\u00e9s de mucho tiempo, retribuye a estas palabras el motor de no decaer, de no sentir la frustraci\u00f3n que lo persigue.<\/p>\n<p>Consumido por la mala imagen que han dejado algunos colegas, compa\u00f1eros de viaje, emprende con cada presentaci\u00f3n de fuego, platos chinos, malabares, magia, teatro, equilibrio la dignificaci\u00f3n del espacio escogido. Un espacio inoportuno para muchos, el especial para ellos. El \u00fanico de aceptaci\u00f3n al que el acoso e indiferencia social los llev\u00f3. Un espacio al que le debe los mejores a\u00f1os de la vida. El que le arranca l\u00e1grimas de desesperanza en los momentos m\u00e1s tristes.<\/p>\n<p>Distanciado de su amor, su hija, a la que debe miles de explicaciones, a la que sacrific\u00f3 por amor al circo, la misma que lo entristece cuando hablan por tel\u00e9fono, es a la que le debe cada gota de alegr\u00eda. Por ella lucha cada d\u00eda con el afanoso deseo de ser el mejor espejo para Luz.<\/p>\n<p>Al que su tierra adoptiva Cabudare (Barquisimeto) recuerda y anhela volver a ver en funci\u00f3n en las calles. Al que trabaja d\u00eda a d\u00eda por la reconstrucci\u00f3n de la identidad del pa\u00eds. La misma que se cae a pedazos, esa a la que los n\u00fameros circenses hostigan para no dejar morir.<\/p>\n<p>Hoy, hace parte del elenco de artistas del taller t\u00edteres de Colombia y roba sonrisas en las periferias de la ciudad con el mejor arma: el arte. A diario expresa un sinf\u00edn de sentimientos, esos a los que la distancia no derrumba y permite la realizaci\u00f3n del principal prop\u00f3sito, \u201cHagamos juntos una mejor sociedad sin barreras alejadas de los prejuicios\u201d.<\/p>\n<p><strong>ROXANA RINC\u00d3N<\/strong><\/p>\n<p><strong>Foto: RUB\u00c9N AGUDELO<\/strong><\/p>\n<p>&nbsp;<\/p>\n<p>&nbsp; <\/p>\n","protected":false},"excerpt":{"rendered":"<p>El momento de trascender es \u00fanico para el hombre, su proceso de formaci\u00f3n aumenta con el pasar de los a\u00f1os. El desgaste que provoca el recorrer la vida desvanece las esperanzas. Un objetivo alcanzado acopla los intereses particulares que concibe su andar. Una ilusi\u00f3n, el despertar cada ma\u00f1ana para quien eligi\u00f3 las artes como medio &hellip;<\/p>\n","protected":false},"author":1,"featured_media":29718,"comment_status":"open","ping_status":"open","sticky":false,"template":"","format":"standard","meta":{"footnotes":""},"categories":[17,4],"tags":[2597,3579,161],"class_list":["post-29717","post","type-post","status-publish","format-standard","has-post-thumbnail","hentry","category-conversaciones-a-contraluz","category-barra","tag-aula-universitaria","tag-payaso-chogun","tag-universidad-de-pamplona"],"_links":{"self":[{"href":"https:\/\/contraluzcucuta.co\/index.php?rest_route=\/wp\/v2\/posts\/29717","targetHints":{"allow":["GET"]}}],"collection":[{"href":"https:\/\/contraluzcucuta.co\/index.php?rest_route=\/wp\/v2\/posts"}],"about":[{"href":"https:\/\/contraluzcucuta.co\/index.php?rest_route=\/wp\/v2\/types\/post"}],"author":[{"embeddable":true,"href":"https:\/\/contraluzcucuta.co\/index.php?rest_route=\/wp\/v2\/users\/1"}],"replies":[{"embeddable":true,"href":"https:\/\/contraluzcucuta.co\/index.php?rest_route=%2Fwp%2Fv2%2Fcomments&post=29717"}],"version-history":[{"count":1,"href":"https:\/\/contraluzcucuta.co\/index.php?rest_route=\/wp\/v2\/posts\/29717\/revisions"}],"predecessor-version":[{"id":29719,"href":"https:\/\/contraluzcucuta.co\/index.php?rest_route=\/wp\/v2\/posts\/29717\/revisions\/29719"}],"wp:featuredmedia":[{"embeddable":true,"href":"https:\/\/contraluzcucuta.co\/index.php?rest_route=\/wp\/v2\/media\/29718"}],"wp:attachment":[{"href":"https:\/\/contraluzcucuta.co\/index.php?rest_route=%2Fwp%2Fv2%2Fmedia&parent=29717"}],"wp:term":[{"taxonomy":"category","embeddable":true,"href":"https:\/\/contraluzcucuta.co\/index.php?rest_route=%2Fwp%2Fv2%2Fcategories&post=29717"},{"taxonomy":"post_tag","embeddable":true,"href":"https:\/\/contraluzcucuta.co\/index.php?rest_route=%2Fwp%2Fv2%2Ftags&post=29717"}],"curies":[{"name":"wp","href":"https:\/\/api.w.org\/{rel}","templated":true}]}}