{"id":29703,"date":"2017-05-01T20:59:21","date_gmt":"2017-05-02T01:59:21","guid":{"rendered":"http:\/\/contraluzcucuta.co\/?p=29703"},"modified":"2017-05-01T20:59:21","modified_gmt":"2017-05-02T01:59:21","slug":"notas-al-margen-colombia-y-venezuela-fijen-la-atencion-y-la-asistencia-en-la-realidad-fronteriza","status":"publish","type":"post","link":"https:\/\/contraluzcucuta.co\/?p=29703","title":{"rendered":"NOTAS AL MARGEN.\u00a0Colombia y Venezuela, fijen la atenci\u00f3n\u00a0 y la asistencia en la realidad fronteriza\u00a0\u00a0"},"content":{"rendered":"<p>1.- De manera reiterativa e insistente, hemos venido destacando y solicitando la urgente intervenci\u00f3n y participaci\u00f3n directa \u2013real y efectiva -de quienes, por su poder a nivel gubernamental e institucional, como de representaci\u00f3n&nbsp; -en lo p\u00fablico, como en lo privado -pueden ejercer sus derechos, deberes y obligaciones, para que las Zonas Fronterizas, reciban la debida y necesaria atenci\u00f3n que merecen y la importancia que las define y proyecta.&nbsp; Y, hemos asumido esta tarea, porque vemos, vivimos, valoramos&nbsp; y comprendemos la indiferencia y pasividad, como se enfoca, pero no se trata bien, a los pobladores de estas fajas territoriales lim\u00edtrofes, por el exagerado centralismo existente, que no examina, pulsa, ni observa con atenci\u00f3n, lo que en ellas est\u00e1 aconteciendo. Y, m\u00e1s, cuando ellas representan el 53 % de la Naci\u00f3n y hay \u00e1reas \u2013entre ellas- de una singular trascendencia, como son las que se viven y deben interrelacionarse con sus paralelas o sea las que nos ligan e interrelacionan, con los pa\u00edses vecinos. Y, esa convivencia, llega a representar porcentajes y mancomunidades muy altas, para no ot\u00f3rgales el cuidado y estudio, que requiere todo lo que es prioritario, b\u00e1sico y fundamental.<\/p>\n<p>2.- Por eso, lo que se experimenta en Colombia y en Venezuela,&nbsp; tiene repercusiones de inmediata referencia, para lo que influir\u00e1 \u2013 positiva o negativamente \u2013en las \u00e1reas, zonas, regiones&nbsp; o entornos fronterizos. Y, con inmediata repercusi\u00f3n, en pol\u00edticas de Estado, acciones conjuntas o de repercusi\u00f3n social y econ\u00f3mica, que incidan en la compra y venta de servicios o productos y\/o que incidan en la ampliaci\u00f3n o recorte de opciones, ventajas y expectativas realizables, si hay o se gesta: una labor compartida, integracionista o fraternal, que anude empe\u00f1os y fortalezca toda noci\u00f3n que influya en el mejoramiento de relaciones mayores interestatales y de mancomunidad&nbsp; en sectores habilitados, QUE PIDEN : la pronta creaci\u00f3n de empleos, facilitaci\u00f3n de producci\u00f3n y mercadeo, investigaci\u00f3n, innovaci\u00f3n, capacitaci\u00f3n y educaci\u00f3n general, que permita un mayor crecimiento y desarrollo de todo lo comparativo ,que existe en nuestro mundo y para bien general.<\/p>\n<p>3.-Y, porque la frontera colombo-venezolana, puede ser un eslab\u00f3n y parte integral, de lo que se puede proyectar y realizar&nbsp; positivamente, entre las dos naciones hermanas \u2013que tienen un mismo origen y expectativa-dentro de una igual concepci\u00f3n democr\u00e1tica \u2013de lo que es el poder yo que se debe hacer por las gentes, que las constituyen \u2013elevamos nuestras formulaciones a campo abierto y para comprensi\u00f3n de todos ,porque ya hay gentes, que no aguantan :el desempleo, la inseguridad, la carencia de facilidades para atender su salud, la preparaci\u00f3n educativa indispensable y los deseos de acertar, porque, las mayores referencias y por carencia de : prudencia, discernimiento y control&nbsp; individual y colectivo, se lo est\u00e1 llevando : La corrupci\u00f3n, la violencia, el andamiaje politiquero y la falta de asistencia y verdadera ayuda, en los sitios de comando y direcci\u00f3n, para que lo que predomine, sea :&nbsp; la paz, el buen gobierno y el avance de los pueblos. Y \u00bfQu\u00e9, pedimos? Valoraci\u00f3n de las fronteras, evaluaci\u00f3n real de sus posibilidades y apoyo a sus necesidades.&nbsp; \u00bfPor qu\u00e9?&nbsp; Porque las fronteras -y ahora, m\u00e1s que nunca -pueden demostrar y dar m\u00e1s plenas luces&nbsp; y entendimientos, a lo que requieren nuestros pueblos y Estados. Y, porque lo que se pide y con sinceridad, es: acercamientos&nbsp; y entendimientos, para una aut\u00e9ntica uni\u00f3n, confraternidad&nbsp; e integraci\u00f3n.<\/p>\n<p>Una simple observaci\u00f3n de la ubicaci\u00f3n geoestrat\u00e9gica de las fronteras y&nbsp; de lo que hay y puede proyectarse en sus \u00e1reas en potenciales y productos, empezando por la agricultura y sus reservas naturales, m\u00e1s lo que pueden hacer sus gentes si se generan incentivos, est\u00edmulos y mecanismos que incentiven la participaci\u00f3n asociada y la labor en equipo, otras, muy otras, pueden ser las perspectivas de estas masas humanas y&nbsp; fajas territoriales, hoy, marginales y abandonadas. La pronta creaci\u00f3n de una comisi\u00f3n extraordinaria y especial de fronteras, que estudie todo cuanto en ellas puede hacerse, es lo elemental y positivo, para la transformaci\u00f3n que se ansia y la consolidaci\u00f3n del pensamiento de Bol\u00edvar cuando, dijo&nbsp; y advirti\u00f3:\u201d el no habernos compuesto con Santander, nos ha perjudicado a todos \u201cs\u00ed,&nbsp; es, \u00e9sta la&nbsp; hora, para el cambio, que se requiere y urge.<\/p>\n<p><strong>JOS\u00c9 NEIRA REY<\/strong><\/p>\n<p><strong><a href=\"mailto:jneirarey@hotmail.com\">jneirarey@hotmail.com<\/a><\/strong><\/p>\n<p><strong>Foto: PRENSA GOBERNACI\u00d3N<\/strong><\/p>\n<p>&nbsp; <\/p>\n","protected":false},"excerpt":{"rendered":"<p>1.- De manera reiterativa e insistente, hemos venido destacando y solicitando la urgente intervenci\u00f3n y participaci\u00f3n directa \u2013real y efectiva -de quienes, por su poder a nivel gubernamental e institucional, como de representaci\u00f3n&nbsp; -en lo p\u00fablico, como en lo privado -pueden ejercer sus derechos, deberes y obligaciones, para que las Zonas Fronterizas, reciban la debida &hellip;<\/p>\n","protected":false},"author":1,"featured_media":29704,"comment_status":"open","ping_status":"open","sticky":false,"template":"","format":"standard","meta":{"footnotes":""},"categories":[14],"tags":[578,382,956],"class_list":["post-29703","post","type-post","status-publish","format-standard","has-post-thumbnail","hentry","category-articulistas","tag-frontera-colombo-venezolana","tag-jose-neira","tag-notas-al-margen"],"_links":{"self":[{"href":"https:\/\/contraluzcucuta.co\/index.php?rest_route=\/wp\/v2\/posts\/29703","targetHints":{"allow":["GET"]}}],"collection":[{"href":"https:\/\/contraluzcucuta.co\/index.php?rest_route=\/wp\/v2\/posts"}],"about":[{"href":"https:\/\/contraluzcucuta.co\/index.php?rest_route=\/wp\/v2\/types\/post"}],"author":[{"embeddable":true,"href":"https:\/\/contraluzcucuta.co\/index.php?rest_route=\/wp\/v2\/users\/1"}],"replies":[{"embeddable":true,"href":"https:\/\/contraluzcucuta.co\/index.php?rest_route=%2Fwp%2Fv2%2Fcomments&post=29703"}],"version-history":[{"count":1,"href":"https:\/\/contraluzcucuta.co\/index.php?rest_route=\/wp\/v2\/posts\/29703\/revisions"}],"predecessor-version":[{"id":29705,"href":"https:\/\/contraluzcucuta.co\/index.php?rest_route=\/wp\/v2\/posts\/29703\/revisions\/29705"}],"wp:featuredmedia":[{"embeddable":true,"href":"https:\/\/contraluzcucuta.co\/index.php?rest_route=\/wp\/v2\/media\/29704"}],"wp:attachment":[{"href":"https:\/\/contraluzcucuta.co\/index.php?rest_route=%2Fwp%2Fv2%2Fmedia&parent=29703"}],"wp:term":[{"taxonomy":"category","embeddable":true,"href":"https:\/\/contraluzcucuta.co\/index.php?rest_route=%2Fwp%2Fv2%2Fcategories&post=29703"},{"taxonomy":"post_tag","embeddable":true,"href":"https:\/\/contraluzcucuta.co\/index.php?rest_route=%2Fwp%2Fv2%2Ftags&post=29703"}],"curies":[{"name":"wp","href":"https:\/\/api.w.org\/{rel}","templated":true}]}}