{"id":29699,"date":"2017-05-01T20:34:40","date_gmt":"2017-05-02T01:34:40","guid":{"rendered":"http:\/\/contraluzcucuta.co\/?p=29699"},"modified":"2017-05-01T20:34:40","modified_gmt":"2017-05-02T01:34:40","slug":"carta-de-ensueno-los-anhelos-de-la-ninez-evidenciados-en-el-papel","status":"publish","type":"post","link":"https:\/\/contraluzcucuta.co\/?p=29699","title":{"rendered":"CARTA DE ENSUE\u00d1O. Los\u00a0 anhelos de la ni\u00f1ez, evidenciados en el papel"},"content":{"rendered":"<p><strong>C\u00daCUTA.-<\/strong> \u201cC\u00f3mprame, mamita, si quiera un juguete\u201d, melodiaba el caballero gaucho por las calles de la boca, anunciando el deseo insaciable de un ni\u00f1o, un juguete. El Mes de los Ni\u00f1os (abril) es el momento de miles para celebrarlo con un detalle. No se puede abordar con la imaginaci\u00f3n las m\u00faltiples sensaciones del peque\u00f1o al recibir un grado de cari\u00f1o, aunque algunos no puedan diferenciar el sentimiento.<\/p>\n<p>Un nuevo pa\u00eds recibe las semillas que empiezan a florecer en C\u00facuta, donde puedan desarrollarse como individuos de la mejor manera. Un nuevo amanecer en la historia de miles de generaciones que anhelan un mundo sin diferencias. En el que puedan expresar, opinar libremente lo que piensan. Aquel en el que lo ut\u00f3pico tome sentido y se eleve en direcci\u00f3n del viento para un devenir con mejores proporciones de vida.<\/p>\n<p>En esta fecha&nbsp; especial, en la periferia en donde la realidad no perdona, 43 ni\u00f1os, entre 7 y 13 a\u00f1os, son los escogidos para darle sello a la nota del d\u00eda.&nbsp; La tarea, escribirles cartas al Alcalde, Gobernador, rector de colegio, medio de comunicaci\u00f3n y Polic\u00eda. El objetivo, permitirles que expresen lo que desean para que la comunidad funcione de la mejor manera y pueda emprenderse un nuevo imaginario.<\/p>\n<p>Uno a uno entreg\u00f3 las expectativas en un mes en el que los detalles escasean. La l\u00ednea parece la indicada por una sociedad expectante a mejores resultados, un nuevo colegio, una cancha, una biblioteca, instrumentos y un sin n\u00famero de necesidades que denotan a una comunidad en la que cualquier sonrisa es s\u00edmbolo de fraternidad y esperanza por un mejor horizonte.<\/p>\n<p>Los&nbsp; anhelos de una ni\u00f1ez a la que la realidad nacional le empa\u00f1a el panorama quedaron evidenciados en el papel. La voz de los ni\u00f1os hecha letras en la parte baja de la pir\u00e1mide social.<\/p>\n<p><strong>Se\u00f1or Rector del colegio<\/strong><\/p>\n<ul>\n<li><em>Le envi\u00f3 un cordial saludo. Mi nombre es Yurley Fernanda Albarrac\u00edn \u00c1lvarez, les escribo esta carta para pedirles que por favor nos hagan un restaurante escolar para los estudiantes del colegio Julio P\u00e9rez Ferrero, porque ser\u00eda un beneficio para todos y lo necesitamos.<\/em><\/li>\n<\/ul>\n<p><strong>Se\u00f1ores de Caracol y RCN<\/strong><\/p>\n<ul>\n<li><em>Hola como est\u00e1n les envi\u00f3 un saludo desde Atalaya, C\u00facuta. Me gustar\u00eda mucho que leyeran esta carta. Es para pedirles que, por favor, nos arreglen la cancha del barrio, que est\u00e1 da\u00f1ada, y pedirles que nos regalen un video saludable y un videobeam para que los viernes podamos proyectar pel\u00edculas en el parque. Atentamente, Nicol Dur\u00e1n.<\/em><\/li>\n<\/ul>\n<p><strong>Se\u00f1ores Polic\u00eda de Colombia<\/strong><\/p>\n<ul>\n<li><em>Mi nombre es Juan David, quiero que mejoren la seguridad de mi barrio. No podemos ir a la cancha y jugar en las noches, porque est\u00e1n las personas que mi mam\u00e1 dice que me les aleje. Espero puedan solucionarlo, porque ellos son muchos y no nos dejan jugar. Queremos que nos acompa\u00f1en m\u00e1s en la comunidad hay muchos ladrones. Ojal\u00e1 lean la carta y les mando muchos saludos.<\/em><\/li>\n<\/ul>\n<p><strong>Se\u00f1or Alcalde Cesar Rojas<\/strong><\/p>\n<ul>\n<li><em>Soy Maryury Trujillo Garay, tengo 8 a\u00f1os, y como ni\u00f1a desear\u00eda que quitaran el parque que hay en mi comunidad, y pusieran uno donde podamos hacer ejercicios y se fueran todos los ladrones y desocupados que se re\u00fanen en el parque y no nos dejan jugar. Nos gustar\u00eda, por favor, nos visite m\u00e1s seguido y nos pueda acompa\u00f1ar, queremos que nos arreglen el colegio, una biblioteca donde podamos hacer las tareas y no tengamos que pagar cuando nos las manden. Buenas tardes y que tenga buen d\u00eda.<\/em><\/li>\n<\/ul>\n<p><strong>Se\u00f1or Gobernador William Villamizar<\/strong><\/p>\n<ul>\n<li><em>Espero se encuentre muy bien de salud. Le escribo y espero pueda leer mi petici\u00f3n. Soy miembro de la fundaci\u00f3n Batuta en C\u00facuta, nos dedicamos a hacer m\u00fasica en nuestra comunidad. Le pido por favor nos proporcione instrumentos, los que tenemos son muy pocos y nosotros somos muchos. Y que nos aporte recursos para nuestra educaci\u00f3n.<\/em><\/li>\n<\/ul>\n<p>En los pensamientos de la ni\u00f1ez desean que todos los d\u00edas sean especiales para los ni\u00f1os de la ciudad, que los anhelos puedan materializarse al punto que deje de ser una carta de ensue\u00f1o.<\/p>\n<p><strong>RUB\u00c9N AGUDELO \u2013 ANDERSON SALINAS<\/strong><\/p>\n<p><strong>Comunicadores en Formaci\u00f3n<\/strong><\/p>\n<p><strong>Universidad de Pamplona<\/strong><\/p>\n<p><strong>Campus de Villa del Rosario<\/strong><\/p>\n<p><strong>&nbsp;<\/strong> <\/p>\n","protected":false},"excerpt":{"rendered":"<p>C\u00daCUTA.- \u201cC\u00f3mprame, mamita, si quiera un juguete\u201d, melodiaba el caballero gaucho por las calles de la boca, anunciando el deseo insaciable de un ni\u00f1o, un juguete. El Mes de los Ni\u00f1os (abril) es el momento de miles para celebrarlo con un detalle. No se puede abordar con la imaginaci\u00f3n las m\u00faltiples sensaciones del peque\u00f1o al &hellip;<\/p>\n","protected":false},"author":1,"featured_media":29700,"comment_status":"open","ping_status":"open","sticky":false,"template":"","format":"standard","meta":{"footnotes":""},"categories":[74,4],"tags":[2733,3574,2800,2888],"class_list":["post-29699","post","type-post","status-publish","format-standard","has-post-thumbnail","hentry","category-aula-universitaria","category-barra","tag-alcalde-cesar-rojas","tag-carta-de-los-ninos","tag-gobernador-william-villamizar","tag-mes-del-nino"],"_links":{"self":[{"href":"https:\/\/contraluzcucuta.co\/index.php?rest_route=\/wp\/v2\/posts\/29699","targetHints":{"allow":["GET"]}}],"collection":[{"href":"https:\/\/contraluzcucuta.co\/index.php?rest_route=\/wp\/v2\/posts"}],"about":[{"href":"https:\/\/contraluzcucuta.co\/index.php?rest_route=\/wp\/v2\/types\/post"}],"author":[{"embeddable":true,"href":"https:\/\/contraluzcucuta.co\/index.php?rest_route=\/wp\/v2\/users\/1"}],"replies":[{"embeddable":true,"href":"https:\/\/contraluzcucuta.co\/index.php?rest_route=%2Fwp%2Fv2%2Fcomments&post=29699"}],"version-history":[{"count":1,"href":"https:\/\/contraluzcucuta.co\/index.php?rest_route=\/wp\/v2\/posts\/29699\/revisions"}],"predecessor-version":[{"id":29701,"href":"https:\/\/contraluzcucuta.co\/index.php?rest_route=\/wp\/v2\/posts\/29699\/revisions\/29701"}],"wp:featuredmedia":[{"embeddable":true,"href":"https:\/\/contraluzcucuta.co\/index.php?rest_route=\/wp\/v2\/media\/29700"}],"wp:attachment":[{"href":"https:\/\/contraluzcucuta.co\/index.php?rest_route=%2Fwp%2Fv2%2Fmedia&parent=29699"}],"wp:term":[{"taxonomy":"category","embeddable":true,"href":"https:\/\/contraluzcucuta.co\/index.php?rest_route=%2Fwp%2Fv2%2Fcategories&post=29699"},{"taxonomy":"post_tag","embeddable":true,"href":"https:\/\/contraluzcucuta.co\/index.php?rest_route=%2Fwp%2Fv2%2Ftags&post=29699"}],"curies":[{"name":"wp","href":"https:\/\/api.w.org\/{rel}","templated":true}]}}