{"id":29693,"date":"2017-05-01T17:46:18","date_gmt":"2017-05-01T22:46:18","guid":{"rendered":"http:\/\/contraluzcucuta.co\/?p=29693"},"modified":"2017-05-01T17:46:18","modified_gmt":"2017-05-01T22:46:18","slug":"gobierno-infantil-gobernadora-pide-evitar-matonismo-electronico-en-los-colegios","status":"publish","type":"post","link":"https:\/\/contraluzcucuta.co\/?p=29693","title":{"rendered":"GOBIERNO INFANTIL. Gobernadora pide evitar matonismo electr\u00f3nico en los colegios"},"content":{"rendered":"<p><strong>C\u00daCUTA.-<\/strong> El primer proyecto de ordenanza que &nbsp;la gobernadora infantil, Karen Blanco Ram\u00edrez, present\u00f3 a la Asamblea Infantil de Norte de Santander busca hacerle frente a los casos de abusos ocurridos a los menores por medio de Internet.&nbsp;<\/p>\n<p>Los diputados instaron al gobierno regional a generar acciones que mejoren el desarrollo de la poblaci\u00f3n infantil en el departamento. &nbsp;El \u00e9nfasis est\u00e1 direccionado en tres aspectos:<\/p>\n<p>1.- Uso adecuado de la internet<\/p>\n<p>2.- Evaluaci\u00f3n del acceso a la red en colegios<\/p>\n<p>3.- Priorizaci\u00f3n de acciones para la atenci\u00f3n oportuna de los ni\u00f1os.<\/p>\n<p>La junta directiva de la Asamblea est\u00e1 conformada por Kevin \u00c1lvarez, presidente; Paula Quintero, primera vicepresidenta; Karen Alvarado, segunda vicepresidenta, y Maylen Vera, secretaria general.<\/p>\n<p>El debate entre los 13 diputados permiti\u00f3 conocer los problemas que aquejan a los estudiantes en los 40 municipios. Los voceros de la poblaci\u00f3n infantil pidieron a los gobernantes adultos fortalecer la atenci\u00f3n de los estudiantes con necesidades especiales de educaci\u00f3n, incluir una evaluaci\u00f3n de las condiciones de las instituciones para brindarles espacios adecuados a los ni\u00f1os en condici\u00f3n de discapacidad y que la atenci\u00f3n a los j\u00f3venes cuente con personal id\u00f3neo y que haya prioridad en asuntos nutricionales.<\/p>\n<p>Solicitaron que el uso de las tecnolog\u00edas de la informaci\u00f3n y las comunicaciones sea controlado para evitar situaciones que atenten contra la integridad de cualquier ni\u00f1o nortesantandereano. Los diputados eligieron a Ciro Eduardo Torrado como Contralor Infantil.<\/p>\n<p>En la Administraci\u00f3n Regional Infantil asumieron los cargos los 40 miembros del gabinete. La gobernadora Karen Blanco incluy\u00f3 a los contrincantes electorales en el equipo de trabajo. Tendr\u00e1n la tarea de acompa\u00f1ar el trabajo &nbsp;regional. El plan de gobierno se centrar\u00e1 en apostarle a una educaci\u00f3n incluyente y pertinente para los ni\u00f1os.<\/p>\n<p>Blanco Ram\u00edrez habl\u00f3 de la necesidad de regular el uso del internet entre los menores para salvaguardar la identidad y la integridad, ante el acoso de los adultos y los peligros que existen al aceptar a desconocidos en el uso de la red.<\/p>\n<p>En toda instituci\u00f3n educativa deben existir botiquines de salud para la atenci\u00f3n oportuna de emergencia. Conoce varios casos en los que los paquetes de primeros auxilios no est\u00e1n en los colegios. La estudiante de s\u00e9ptimo grado en la Instituci\u00f3n Francisco de Paula Santander, en El Zulia, reiter\u00f3 que estar\u00e1 atenta a las inquietudes de los ni\u00f1os.<\/p>\n<p>En el gabinete hacen parte 29 ni\u00f1as y 11 ni\u00f1os.<\/p>\n<p><strong>Foto: PRENSA GOBERNACI\u00d3N<\/strong><\/p>\n<p>&nbsp; <\/p>\n","protected":false},"excerpt":{"rendered":"<p>C\u00daCUTA.- El primer proyecto de ordenanza que &nbsp;la gobernadora infantil, Karen Blanco Ram\u00edrez, present\u00f3 a la Asamblea Infantil de Norte de Santander busca hacerle frente a los casos de abusos ocurridos a los menores por medio de Internet.&nbsp; Los diputados instaron al gobierno regional a generar acciones que mejoren el desarrollo de la poblaci\u00f3n infantil &hellip;<\/p>\n","protected":false},"author":1,"featured_media":29694,"comment_status":"open","ping_status":"open","sticky":false,"template":"","format":"standard","meta":{"footnotes":""},"categories":[4,2630],"tags":[226,379,3572,3573],"class_list":["post-29693","post","type-post","status-publish","format-standard","has-post-thumbnail","hentry","category-barra","category-gobernacion","tag-alcaldia-de-cucuta","tag-gobernacion-de-norte-de-santander","tag-gobierno-infantil","tag-karen-blanco-ramirez"],"_links":{"self":[{"href":"https:\/\/contraluzcucuta.co\/index.php?rest_route=\/wp\/v2\/posts\/29693","targetHints":{"allow":["GET"]}}],"collection":[{"href":"https:\/\/contraluzcucuta.co\/index.php?rest_route=\/wp\/v2\/posts"}],"about":[{"href":"https:\/\/contraluzcucuta.co\/index.php?rest_route=\/wp\/v2\/types\/post"}],"author":[{"embeddable":true,"href":"https:\/\/contraluzcucuta.co\/index.php?rest_route=\/wp\/v2\/users\/1"}],"replies":[{"embeddable":true,"href":"https:\/\/contraluzcucuta.co\/index.php?rest_route=%2Fwp%2Fv2%2Fcomments&post=29693"}],"version-history":[{"count":1,"href":"https:\/\/contraluzcucuta.co\/index.php?rest_route=\/wp\/v2\/posts\/29693\/revisions"}],"predecessor-version":[{"id":29695,"href":"https:\/\/contraluzcucuta.co\/index.php?rest_route=\/wp\/v2\/posts\/29693\/revisions\/29695"}],"wp:featuredmedia":[{"embeddable":true,"href":"https:\/\/contraluzcucuta.co\/index.php?rest_route=\/wp\/v2\/media\/29694"}],"wp:attachment":[{"href":"https:\/\/contraluzcucuta.co\/index.php?rest_route=%2Fwp%2Fv2%2Fmedia&parent=29693"}],"wp:term":[{"taxonomy":"category","embeddable":true,"href":"https:\/\/contraluzcucuta.co\/index.php?rest_route=%2Fwp%2Fv2%2Fcategories&post=29693"},{"taxonomy":"post_tag","embeddable":true,"href":"https:\/\/contraluzcucuta.co\/index.php?rest_route=%2Fwp%2Fv2%2Ftags&post=29693"}],"curies":[{"name":"wp","href":"https:\/\/api.w.org\/{rel}","templated":true}]}}