{"id":29690,"date":"2017-05-01T17:11:34","date_gmt":"2017-05-01T22:11:34","guid":{"rendered":"http:\/\/contraluzcucuta.co\/?p=29690"},"modified":"2017-05-01T17:11:34","modified_gmt":"2017-05-01T22:11:34","slug":"visita-presidencial-santos-regreso-bogota-con-lista-de-necesidades","status":"publish","type":"post","link":"https:\/\/contraluzcucuta.co\/?p=29690","title":{"rendered":"VISITA PRESIDENCIAL. Santos regres\u00f3 a Bogot\u00e1 con lista de necesidades"},"content":{"rendered":"<p><strong>C\u00daCUTA.-<\/strong> El presidente Juan Manuel Santos volvi\u00f3 a C\u00facuta, este fin de semana, y lo hizo &nbsp;en compa\u00f1\u00eda del Fiscal General, la Canciller y los ministros del Interior y de Defensa. Lo recibieron el Gobernador y el Alcalde en representaci\u00f3n de los nortesantandereanos, en general, y los cucute\u00f1os, en particular.<\/p>\n<p>Entre los actos que encabez\u00f3 &nbsp;el mandatario destacan:<\/p>\n<p>1.- Acto simb\u00f3lico de la &nbsp;puesta en marcha de la construcci\u00f3n de la sede de la Fiscal\u00eda en C\u00facuta. La obra tendr\u00e1 m\u00e1s de 15.000 metros cuadrados, capacidad para 600 funcionarios, &nbsp;contar\u00e1 con laboratorios modernos de criminal\u00edstica y costar\u00e1 $ 50.000 millones.<\/p>\n<p>2.- &nbsp;Consejo de seguridad. Conclusiones: disminuci\u00f3n de delitos, seg\u00fan estad\u00edsticas, invitaci\u00f3n a denunciar a tiempo, aplicabilidad del nuevo C\u00f3digo de Polic\u00eda, llegada de uniformados para incrementar pie de fuerza en la ciudad.<\/p>\n<p>3.- Socializaci\u00f3n del nuevo sistema de control fronterizo, que entr\u00f3 en vigencia el primero de mayo. Los venezolanos que tengan los documentos en regla podr\u00e1n acceder a la tarjeta de movilidad que les permitir\u00e1 transitar por la frontera. Los que est\u00e9n de manera ilegal en C\u00facuta ser\u00e1n puestos a disposici\u00f3n de las autoridades judiciales.<\/p>\n<p>4.- Llamado a tender la mano a los venezolanos y demostrar solidaridad en estos momentos de dificultad.<\/p>\n<p>5.- Reuni\u00f3n con los gremios de la ciudad para buscar estrategias e impulsar el desarrollo de la Zona Franca de C\u00facuta y lograr inversi\u00f3n nacional y extranjera.<\/p>\n<p>6.- Implementar un programa de generaci\u00f3n de empleo de manera inmediata.<\/p>\n<p>El presidente Santos lleg\u00f3 en la ma\u00f1ana del viernes y en la agenda ten\u00eda para hablar sobre obras de infraestructura, movilidad, fomento de empleo y servicios p\u00fablicos.<\/p>\n<p>Para la construcci\u00f3n del b\u00fanker de la Fiscal\u00eda General de la Naci\u00f3n en C\u00facuta el Gobierno destinar\u00e1 $ 40.000 millones y la Fiscal\u00eda, 10.000 millones. La mega obra, en palabras de Santos, ser\u00e1 la mejor del pa\u00eds.<\/p>\n<p>Los venezolanos que no tengan la Tarjeta de Operaci\u00f3n Fronteriza ser\u00e1n capturados por considerarse ilegales y deportados. La medida pretende atender la desbordante llegada de venezolanos a C\u00facuta y ofrecer\u00e1 una capacidad de respuesta para evitar contratiempos en la regi\u00f3n.<\/p>\n<p>Otros aspectos de relevancia tocados con el presidente de la rep\u00fablica son:<\/p>\n<p>1.- Construcci\u00f3n del Acueducto Metropolitano, que llevar\u00e1 la firma del acuerdo de voluntades entre el Gobierno y Ecopetrol.<\/p>\n<p>2.- Apoyo para la construcci\u00f3n de la refiner\u00eda de Norte de Santander. La infraestructura generar\u00e1 empleo en la regi\u00f3n.<\/p>\n<p>3.- Adecuaci\u00f3n del puente Mariano Ospina P\u00e9rez, con una inversi\u00f3n cercana a los $ 35.000 millones. El Presidente dijo que se encargar\u00e1 de hacer la gesti\u00f3n por la importancia del puente.<\/p>\n<p>4.- Plan Especial de Impulso a la Productividad, que pueda ser manejado por la Alcald\u00eda de C\u00facuta y la Gobernaci\u00f3n de Norte de Santander, lo que calcular\u00eda un mayor avance para el territorio con el fomento de empleo.<\/p>\n<p><strong>Foto: PRENSA GOBERNACI\u00d3N<\/strong><\/p>\n<p>&nbsp; <\/p>\n","protected":false},"excerpt":{"rendered":"<p>C\u00daCUTA.- El presidente Juan Manuel Santos volvi\u00f3 a C\u00facuta, este fin de semana, y lo hizo &nbsp;en compa\u00f1\u00eda del Fiscal General, la Canciller y los ministros del Interior y de Defensa. Lo recibieron el Gobernador y el Alcalde en representaci\u00f3n de los nortesantandereanos, en general, y los cucute\u00f1os, en particular. Entre los actos que encabez\u00f3 &hellip;<\/p>\n","protected":false},"author":1,"featured_media":29691,"comment_status":"open","ping_status":"open","sticky":false,"template":"","format":"standard","meta":{"footnotes":""},"categories":[4,32],"tags":[3179,379,278,2048],"class_list":["post-29690","post","type-post","status-publish","format-standard","has-post-thumbnail","hentry","category-barra","category-recorrido-por-la-region","tag-alcadia-de-cucuta","tag-gobernacion-de-norte-de-santander","tag-presidente-juan-manuel-santos","tag-visita-presidencial"],"_links":{"self":[{"href":"https:\/\/contraluzcucuta.co\/index.php?rest_route=\/wp\/v2\/posts\/29690","targetHints":{"allow":["GET"]}}],"collection":[{"href":"https:\/\/contraluzcucuta.co\/index.php?rest_route=\/wp\/v2\/posts"}],"about":[{"href":"https:\/\/contraluzcucuta.co\/index.php?rest_route=\/wp\/v2\/types\/post"}],"author":[{"embeddable":true,"href":"https:\/\/contraluzcucuta.co\/index.php?rest_route=\/wp\/v2\/users\/1"}],"replies":[{"embeddable":true,"href":"https:\/\/contraluzcucuta.co\/index.php?rest_route=%2Fwp%2Fv2%2Fcomments&post=29690"}],"version-history":[{"count":1,"href":"https:\/\/contraluzcucuta.co\/index.php?rest_route=\/wp\/v2\/posts\/29690\/revisions"}],"predecessor-version":[{"id":29692,"href":"https:\/\/contraluzcucuta.co\/index.php?rest_route=\/wp\/v2\/posts\/29690\/revisions\/29692"}],"wp:featuredmedia":[{"embeddable":true,"href":"https:\/\/contraluzcucuta.co\/index.php?rest_route=\/wp\/v2\/media\/29691"}],"wp:attachment":[{"href":"https:\/\/contraluzcucuta.co\/index.php?rest_route=%2Fwp%2Fv2%2Fmedia&parent=29690"}],"wp:term":[{"taxonomy":"category","embeddable":true,"href":"https:\/\/contraluzcucuta.co\/index.php?rest_route=%2Fwp%2Fv2%2Fcategories&post=29690"},{"taxonomy":"post_tag","embeddable":true,"href":"https:\/\/contraluzcucuta.co\/index.php?rest_route=%2Fwp%2Fv2%2Ftags&post=29690"}],"curies":[{"name":"wp","href":"https:\/\/api.w.org\/{rel}","templated":true}]}}