{"id":29669,"date":"2017-04-23T16:04:22","date_gmt":"2017-04-23T21:04:22","guid":{"rendered":"http:\/\/contraluzcucuta.co\/?p=29669"},"modified":"2017-04-23T16:04:22","modified_gmt":"2017-04-23T21:04:22","slug":"derechos-de-la-ninez-policia-padres-de-familia-y-docentes-unidos-por-la-infancia","status":"publish","type":"post","link":"https:\/\/contraluzcucuta.co\/?p=29669","title":{"rendered":"DERECHOS DE LA NI\u00d1EZ. Polic\u00eda, padres de familia y docentes, unidos por la infancia"},"content":{"rendered":"<p><strong>C\u00daCUTA.-<\/strong> Uniformados del Grupo de Prevenci\u00f3n y Educaci\u00f3n Ciudadana e Infancia y Adolescencia, en el 2017, han llegado hasta colegios y barrios de la ciudad para desplegar estrategias de acercamiento con la comunidad, enfocados en la ense\u00f1anza y la prevenci\u00f3n por medio de espacios educativos.<\/p>\n<p>Las actividades han contado con la participaci\u00f3n de padres de familia y docentes de las ciudadelas Juan Atalaya y La Libertad, los barrios Aeropuerto y Bel\u00e9n. De igual manera, han sido vinculados &nbsp;Villa del Rosario, Los Patios y El Zulia.<\/p>\n<p>Los agentes han dado a conocer temas relacionados con la prevenci\u00f3n, el trabajo infantil, la violencia sexual, la violencia intrafamiliar, el C\u00f3digo Nacional de Polic\u00eda y Convivencia y el sistema de responsabilidad penal para adolescentes.<\/p>\n<p>El Grupo de Protecci\u00f3n de Infancia y Adolescencia ha desplegado la estrategia \u2018Abre tus ojos contra el abuso sexual infantil\u2019 en el Centro de Desarrollo Infantil Creciendo Felices. En la actividad participaron m\u00e1s de 200 ni\u00f1os, acompa\u00f1ados por padres de familia y docentes, que estuvieron atentos a la charla de sensibilizaci\u00f3n.<\/p>\n<p>La iniciativa institucional busca involucrar a padres, instituciones educativas, comerciantes y comunidad&nbsp; en la conformaci\u00f3n del frente com\u00fan que lleve a proteger a los peque\u00f1os.<\/p>\n<p>La Polic\u00eda Metropolitana de C\u00facuta record\u00f3 informar cualquier hecho que vulnere los derechos de ni\u00f1os y adolescentes, con la finalidad de mejorar y contribuir en la protecci\u00f3n de la ni\u00f1ez.<\/p>\n<p>&nbsp;<\/p>\n<p>&nbsp;<\/p>\n<p>&nbsp; <\/p>\n","protected":false},"excerpt":{"rendered":"<p>C\u00daCUTA.- Uniformados del Grupo de Prevenci\u00f3n y Educaci\u00f3n Ciudadana e Infancia y Adolescencia, en el 2017, han llegado hasta colegios y barrios de la ciudad para desplegar estrategias de acercamiento con la comunidad, enfocados en la ense\u00f1anza y la prevenci\u00f3n por medio de espacios educativos. Las actividades han contado con la participaci\u00f3n de padres de &hellip;<\/p>\n","protected":false},"author":1,"featured_media":29670,"comment_status":"open","ping_status":"open","sticky":false,"template":"","format":"standard","meta":{"footnotes":""},"categories":[11],"tags":[323,163],"class_list":["post-29669","post","type-post","status-publish","format-standard","has-post-thumbnail","hentry","category-cronica-roja","tag-mecuc","tag-policia-metropolitana"],"_links":{"self":[{"href":"https:\/\/contraluzcucuta.co\/index.php?rest_route=\/wp\/v2\/posts\/29669","targetHints":{"allow":["GET"]}}],"collection":[{"href":"https:\/\/contraluzcucuta.co\/index.php?rest_route=\/wp\/v2\/posts"}],"about":[{"href":"https:\/\/contraluzcucuta.co\/index.php?rest_route=\/wp\/v2\/types\/post"}],"author":[{"embeddable":true,"href":"https:\/\/contraluzcucuta.co\/index.php?rest_route=\/wp\/v2\/users\/1"}],"replies":[{"embeddable":true,"href":"https:\/\/contraluzcucuta.co\/index.php?rest_route=%2Fwp%2Fv2%2Fcomments&post=29669"}],"version-history":[{"count":1,"href":"https:\/\/contraluzcucuta.co\/index.php?rest_route=\/wp\/v2\/posts\/29669\/revisions"}],"predecessor-version":[{"id":29671,"href":"https:\/\/contraluzcucuta.co\/index.php?rest_route=\/wp\/v2\/posts\/29669\/revisions\/29671"}],"wp:featuredmedia":[{"embeddable":true,"href":"https:\/\/contraluzcucuta.co\/index.php?rest_route=\/wp\/v2\/media\/29670"}],"wp:attachment":[{"href":"https:\/\/contraluzcucuta.co\/index.php?rest_route=%2Fwp%2Fv2%2Fmedia&parent=29669"}],"wp:term":[{"taxonomy":"category","embeddable":true,"href":"https:\/\/contraluzcucuta.co\/index.php?rest_route=%2Fwp%2Fv2%2Fcategories&post=29669"},{"taxonomy":"post_tag","embeddable":true,"href":"https:\/\/contraluzcucuta.co\/index.php?rest_route=%2Fwp%2Fv2%2Ftags&post=29669"}],"curies":[{"name":"wp","href":"https:\/\/api.w.org\/{rel}","templated":true}]}}