{"id":29663,"date":"2017-04-23T14:39:48","date_gmt":"2017-04-23T19:39:48","guid":{"rendered":"http:\/\/contraluzcucuta.co\/?p=29663"},"modified":"2017-04-23T14:39:48","modified_gmt":"2017-04-23T19:39:48","slug":"crisis-en-venezuela-monsenor-moronta-pide-al-gobierno-atender-clamores-de-la-gente","status":"publish","type":"post","link":"https:\/\/contraluzcucuta.co\/?p=29663","title":{"rendered":"CRISIS EN VENEZUELA. Monse\u00f1or Moronta pide al Gobierno atender clamores de la gente"},"content":{"rendered":"<p><strong>SAN CRIST\u00d3BAL \u2013 Venezuela.-<\/strong> \u201cLa alegr\u00eda surgida de la Resurrecci\u00f3n del Se\u00f1or, que hemos celebrado el pasado domingo, se ha visto opacada por la violencia de estos d\u00edas, con el saldo lamentable de heridos y de muertes\u201d, dijo el Obispo de la Di\u00f3cesis de San Crist\u00f3bal, monse\u00f1or Mario del Valle Moronta Rodr\u00edguez, en mensaje enviado a las parroquias del estado T\u00e1chira.<\/p>\n<p>La voz del prelado se levanta ante la tensa situaci\u00f3n que vive Venezuela con las protestas y las manifestaciones. \u201cEl derecho a la protesta no puede ser ni criminalizado ni reprimido con violencia. Toda manifestaci\u00f3n debe ser pac\u00edfica y cualquier tipo de acci\u00f3n violenta que rompa la sana convivencia manifestada en las variadas expresiones de protesta, venga de donde venga, es repudiable\u201d.<\/p>\n<p>Indic\u00f3 monse\u00f1or Moronta que la protesta de los ciudadanos tiene una raz\u00f3n de ser, \u201cel cansancio ante tanta inseguridad, ante la limitaci\u00f3n para conseguir insumos necesarios para poder vivir, la dificultad en la adquisici\u00f3n de medicamentos y la p\u00e9rdida de la calidad de vida de todos los ciudadanos. A esto se une el incumplimiento de promesas y de compromisos nacidos del&nbsp; ordenamiento constitucional de Venezuela como son: la no realizaci\u00f3n de las elecciones, el desconocimiento de la Asamblea Nacional y la descalificaci\u00f3n del di\u00e1logo y de otras propuestas necesarias para el fortalecimiento de la democracia en nuestro pa\u00eds\u201d, dijo.<\/p>\n<p>Convoc\u00f3 a una intensa jornada de oraci\u00f3n por Venezuela, el 27 de abril, \u201cpor la paz y la concordia y para que Dios ilumine a quienes deben tomar decisiones y lo hagan con la sabidur\u00eda que viene de lo alto\u201d.<\/p>\n<p>En el mensaje &nbsp;hace cuatro peticiones teniendo en cuenta que \u201cel pueblo\u2026 es el verdadero sujeto social de la naci\u00f3n\u201d:<\/p>\n<p><strong>1.- Al Gobierno<\/strong> para que \u201catienda los clamores de la gente: negar que hay hambre y que muchos tienen necesidad de medicinas y atenci\u00f3n a su salud es estar cegados ante una realidad que golpea a&nbsp; muchos\u201d.<\/p>\n<p>\u201cRespeten las instancias establecidas en la Constituci\u00f3n y abran las puertas para un encuentro y di\u00e1logo aut\u00e9ntico, no condicionado; a elecciones y a respetar los derechos humanos de todos: de quienes est\u00e1n detenidos por motivos pol\u00edticos, de quienes manifiestan y de quienes se encuentran desamparados e indefensos. Esperamos se pueda autorizar a la Iglesia para abrir canales humanitarios y as\u00ed conseguir los medicamentos que m\u00e1s necesita la gente de nuestro pa\u00eds\u201d.<\/p>\n<p><strong>2.- A los dirigentes pol\u00edticos <\/strong>para que \u201csin dejar de buscar el fortalecimiento de la democracia y luchar por el bien com\u00fan, no se dejen llevar s\u00f3lo por sus intereses particulares\u201d. \u201cNi las \u2018guarimbas\u2019 ni barricadas, ni otros tipos de acciones re\u00f1idas con la paz ayudar\u00e1n a conseguir la soluci\u00f3n a la crisis; al contrario, seguir\u00e1n afectando la sana convivencia de muchos conciudadanos\u201d.<\/p>\n<p><strong>3.- A las autoridades militares y policiales<\/strong>, y a los cuerpos de seguridad para que cumplan las funciones de protecci\u00f3n de la ciudadan\u00eda. \u201cNo es con la violencia de una represi\u00f3n desmedida como se conseguir\u00e1 la paz social y la soluci\u00f3n a la crisis actual\u201d. Solicit\u00f3 \u201cel control y el desarme de los colectivos o grupos irregulares que generan violencia y zozobra en la colectividad\u201d.<\/p>\n<p><strong>4.- A sacerdotes, religiosos, religiosas y laicos<\/strong> para que hagan sentir \u2018el gusto espiritual de ser pueblo\u2019 seg\u00fan lo pide el papa Francisco. &nbsp;\u201cEl compromiso y nuestro mensaje debe darse tambi\u00e9n desde nuestra pertenencia a ese pueblo que hoy sufre, sin incentivar la violencia sino la b\u00fasqueda en paz de soluciones que beneficien a todos\u201d.<\/p>\n<p><strong>Foto: Prensa Di\u00f3cesisSC<\/strong> <\/p>\n","protected":false},"excerpt":{"rendered":"<p>SAN CRIST\u00d3BAL \u2013 Venezuela.- \u201cLa alegr\u00eda surgida de la Resurrecci\u00f3n del Se\u00f1or, que hemos celebrado el pasado domingo, se ha visto opacada por la violencia de estos d\u00edas, con el saldo lamentable de heridos y de muertes\u201d, dijo el Obispo de la Di\u00f3cesis de San Crist\u00f3bal, monse\u00f1or Mario del Valle Moronta Rodr\u00edguez, en mensaje enviado &hellip;<\/p>\n","protected":false},"author":1,"featured_media":29664,"comment_status":"open","ping_status":"open","sticky":false,"template":"","format":"standard","meta":{"footnotes":""},"categories":[1326,45,4],"tags":[1164,1584,2941],"class_list":["post-29663","post","type-post","status-publish","format-standard","has-post-thumbnail","hentry","category-crisis-en-venezuela-2","category-destacado","category-barra","tag-crisis-en-venezuela","tag-diocesis-de-san-cristobal","tag-monsenor-mario-mortonta"],"_links":{"self":[{"href":"https:\/\/contraluzcucuta.co\/index.php?rest_route=\/wp\/v2\/posts\/29663","targetHints":{"allow":["GET"]}}],"collection":[{"href":"https:\/\/contraluzcucuta.co\/index.php?rest_route=\/wp\/v2\/posts"}],"about":[{"href":"https:\/\/contraluzcucuta.co\/index.php?rest_route=\/wp\/v2\/types\/post"}],"author":[{"embeddable":true,"href":"https:\/\/contraluzcucuta.co\/index.php?rest_route=\/wp\/v2\/users\/1"}],"replies":[{"embeddable":true,"href":"https:\/\/contraluzcucuta.co\/index.php?rest_route=%2Fwp%2Fv2%2Fcomments&post=29663"}],"version-history":[{"count":1,"href":"https:\/\/contraluzcucuta.co\/index.php?rest_route=\/wp\/v2\/posts\/29663\/revisions"}],"predecessor-version":[{"id":29665,"href":"https:\/\/contraluzcucuta.co\/index.php?rest_route=\/wp\/v2\/posts\/29663\/revisions\/29665"}],"wp:featuredmedia":[{"embeddable":true,"href":"https:\/\/contraluzcucuta.co\/index.php?rest_route=\/wp\/v2\/media\/29664"}],"wp:attachment":[{"href":"https:\/\/contraluzcucuta.co\/index.php?rest_route=%2Fwp%2Fv2%2Fmedia&parent=29663"}],"wp:term":[{"taxonomy":"category","embeddable":true,"href":"https:\/\/contraluzcucuta.co\/index.php?rest_route=%2Fwp%2Fv2%2Fcategories&post=29663"},{"taxonomy":"post_tag","embeddable":true,"href":"https:\/\/contraluzcucuta.co\/index.php?rest_route=%2Fwp%2Fv2%2Ftags&post=29663"}],"curies":[{"name":"wp","href":"https:\/\/api.w.org\/{rel}","templated":true}]}}