{"id":29616,"date":"2017-04-06T21:39:54","date_gmt":"2017-04-07T02:39:54","guid":{"rendered":"http:\/\/contraluzcucuta.co\/?p=29616"},"modified":"2017-04-06T21:39:54","modified_gmt":"2017-04-07T02:39:54","slug":"pastoral-de-frontera-estamos-pasando-momentos-dificiles-pero-tenemos-esperanza","status":"publish","type":"post","link":"https:\/\/contraluzcucuta.co\/?p=29616","title":{"rendered":"PASTORAL DE FRONTERA. \u201cEstamos pasando momentos dif\u00edciles, pero tenemos esperanza\u201d"},"content":{"rendered":"<p><strong>C\u00daCUTA.-<\/strong> El Obispo de la Di\u00f3cesis de San Crist\u00f3bal, monse\u00f1or Mario del Valle Moronta Rodr\u00edguez, implor\u00f3 por la paz de Colombia, que es la paz para Venezuela, y por la paz de Venezuela que es tambi\u00e9n la paz para Colombia. La intervenci\u00f3n la hizo durante la Misa Crismal, este jueves, en la catedral de San Jos\u00e9 de C\u00facuta.<\/p>\n<p>El pastor cat\u00f3lico venezolano visit\u00f3 la capital de Norte de Santander en compa\u00f1\u00eda de sacerdotes de su presbiterio y participaron en el oficio organizado por la Di\u00f3cesis de C\u00facuta, como s\u00edmbolo de integraci\u00f3n y comuni\u00f3n de las iglesias hermanas en la frontera colombo venezolana.<\/p>\n<p>\u201cA nosotros no nos divide la frontera, nos une el amor de Cristo\u201d, expres\u00f3 monse\u00f1or Moronta en el saludo al presbiterio y a los fieles. \u201cAgradezco a Dios, porque en los momentos dif\u00edciles que se han vivido con el cierre de la frontera, hemos experimentado la esperanza desde la caridad\u201d, dijo.<\/p>\n<p>Monse\u00f1or Mario Moronta, obispo de San Crist\u00f3bal, invit\u00f3 a su similar de C\u00facuta, monse\u00f1or V\u00edctor Manuel Ochoa, a participar en la Misa Crismal de la Iglesia del T\u00e1chira que se celebrar\u00e1, el 8 de abril, en Ure\u00f1a. \u201cHemos decidi\u00f3 hacerla all\u00ed para apoyar a nuestros sacerdotes y agentes de pastoral porque la frontera no es una l\u00ednea, es una familia\u201d.<\/p>\n<p>El Obispo venezolano reiter\u00f3 el llamado a las autoridades a que abran la frontera. \u201cNo podemos seguir viendo el triste espect\u00e1culo de las colas de las personas que van y vienen. Estamos pasado momentos dif\u00edciles, pero tenemos esperanza\u201d.<\/p>\n<p>Monse\u00f1or Ochoa Cadavid respondi\u00f3 que estas iglesias locales hermanas \u201cbuscan poner a Cristo en el coraz\u00f3n de colombianos y venezolanos\u201d. Reiter\u00f3 la cercan\u00eda con quienes sufren en la frontera. \u201cSepan que estamos unidos a quienes no tienen pan, medicinas, esperanza. Estamos con ustedes, los queremos\u201d.<\/p>\n<p>Al Obispo de San Crist\u00f3bal, monse\u00f1or Mario Moronta, lo acompa\u00f1aron los sacerdotes Reinaldo Contreras, p\u00e1rroco de San Antonio; Luis Useche, p\u00e1rroco de Ure\u00f1a; Leward Fern\u00e1ndez, director de Caritas Diocesana; Fray Alfredo S\u00e1nchez, vicario para las Congregaciones Religiosas; Miguel Duque, p\u00e1rroco de Pirineos; Ricardo Casanova, vicecanciller diocesano; y Johan Pacheco, director de comunicaci\u00f3n de la di\u00f3cesis.<\/p>\n<p><strong>&nbsp;<\/strong><\/p>\n<p>&nbsp;<\/p>\n<p>&nbsp; <\/p>\n","protected":false},"excerpt":{"rendered":"<p>C\u00daCUTA.- El Obispo de la Di\u00f3cesis de San Crist\u00f3bal, monse\u00f1or Mario del Valle Moronta Rodr\u00edguez, implor\u00f3 por la paz de Colombia, que es la paz para Venezuela, y por la paz de Venezuela que es tambi\u00e9n la paz para Colombia. La intervenci\u00f3n la hizo durante la Misa Crismal, este jueves, en la catedral de San &hellip;<\/p>\n","protected":false},"author":1,"featured_media":29617,"comment_status":"open","ping_status":"open","sticky":false,"template":"","format":"standard","meta":{"footnotes":""},"categories":[4,32],"tags":[8,1584,1585,2490],"class_list":["post-29616","post","type-post","status-publish","format-standard","has-post-thumbnail","hentry","category-barra","category-recorrido-por-la-region","tag-diocesis-de-cucuta","tag-diocesis-de-san-cristobal","tag-monsenor-mario-del-valle-moronta-rodriguez","tag-monsenor-victor-manuel-ochoa"],"_links":{"self":[{"href":"https:\/\/contraluzcucuta.co\/index.php?rest_route=\/wp\/v2\/posts\/29616","targetHints":{"allow":["GET"]}}],"collection":[{"href":"https:\/\/contraluzcucuta.co\/index.php?rest_route=\/wp\/v2\/posts"}],"about":[{"href":"https:\/\/contraluzcucuta.co\/index.php?rest_route=\/wp\/v2\/types\/post"}],"author":[{"embeddable":true,"href":"https:\/\/contraluzcucuta.co\/index.php?rest_route=\/wp\/v2\/users\/1"}],"replies":[{"embeddable":true,"href":"https:\/\/contraluzcucuta.co\/index.php?rest_route=%2Fwp%2Fv2%2Fcomments&post=29616"}],"version-history":[{"count":1,"href":"https:\/\/contraluzcucuta.co\/index.php?rest_route=\/wp\/v2\/posts\/29616\/revisions"}],"predecessor-version":[{"id":29618,"href":"https:\/\/contraluzcucuta.co\/index.php?rest_route=\/wp\/v2\/posts\/29616\/revisions\/29618"}],"wp:featuredmedia":[{"embeddable":true,"href":"https:\/\/contraluzcucuta.co\/index.php?rest_route=\/wp\/v2\/media\/29617"}],"wp:attachment":[{"href":"https:\/\/contraluzcucuta.co\/index.php?rest_route=%2Fwp%2Fv2%2Fmedia&parent=29616"}],"wp:term":[{"taxonomy":"category","embeddable":true,"href":"https:\/\/contraluzcucuta.co\/index.php?rest_route=%2Fwp%2Fv2%2Fcategories&post=29616"},{"taxonomy":"post_tag","embeddable":true,"href":"https:\/\/contraluzcucuta.co\/index.php?rest_route=%2Fwp%2Fv2%2Ftags&post=29616"}],"curies":[{"name":"wp","href":"https:\/\/api.w.org\/{rel}","templated":true}]}}