{"id":29610,"date":"2017-04-01T16:02:54","date_gmt":"2017-04-01T21:02:54","guid":{"rendered":"http:\/\/contraluzcucuta.co\/?p=29610"},"modified":"2017-04-01T16:02:54","modified_gmt":"2017-04-01T21:02:54","slug":"marcha-del-perdon-50-000-cucutenos-clamaron-por-la-vida","status":"publish","type":"post","link":"https:\/\/contraluzcucuta.co\/?p=29610","title":{"rendered":"MARCHA DEL PERD\u00d3N. 50.000 cucute\u00f1os clamaron por la vida"},"content":{"rendered":"<p><strong>C\u00daCUTA.-<\/strong> Alrededor de 50.000 hombres y mujeres de distintas edades se unieron en una sola voz para elevar una oraci\u00f3n por la vida, la reconciliaci\u00f3n y la paz. La tradicional marcha del perd\u00f3n es promovida por la Di\u00f3cesis de C\u00facuta, en el Tiempo de Cuaresma. En esta oportunidad, el recorrido parti\u00f3 de la Plaza de Banderas y lleg\u00f3 a la Catedral de San Jos\u00e9.<\/p>\n<p>La noche fresca fue propicia para que los creyentes caminaran por calles y avenidas en gesto de reflexi\u00f3n. Las delegaciones, llegadas de la mayor\u00eda de las parroquias de la Di\u00f3cesis de C\u00facuta llevaron mensajes alusivos al motivo de la caminata. &nbsp;<\/p>\n<p>La jornada cont\u00f3 con la participaci\u00f3n de monse\u00f1or V\u00edctor Manuel Ochoa, obispo de C\u00facuta, el clero diocesano, comunidades religiosas, seminaristas, agentes pastorales, movimientos apost\u00f3licos, comunidades parroquiales, colegios, universidades, estamentos y comunidad.<\/p>\n<p>En el recorrido se vivieron tres momentos centrales:<\/p>\n<p>1.- La oraci\u00f3n por la vida y la reconciliaci\u00f3n en el pa\u00eds<\/p>\n<p>2.- La bendici\u00f3n de las manos<\/p>\n<p>3.- El gesto de solidaridad con los ancianos desprotegidos, para quienes se organiz\u00f3 una recolecci\u00f3n de mercados.<\/p>\n<p>Tomando la II Carta a los Corintios, en el cap\u00edtulo 5, vers\u00edculo 20: &#8220;Somos, pues, embajadores de Cristo, como si Dios exhortara por medio de nosotros. En nombre de Cristo os suplicamos: \u00a1Reconciliaos con Dios!&#8221;.<\/p>\n<p>Desde la capital nortesantandereana los colombianos fueron exhortados a abrir su coraz\u00f3n al perd\u00f3n y a la reconciliaci\u00f3n con Dios, con s\u00ed mismos, con los hermanos y con la creaci\u00f3n.<\/p>\n<p>La Marcha por la vida y el perd\u00f3n, expresi\u00f3n de fe y dinamismo de la Iglesia Cat\u00f3lica en C\u00facuta, el \u00c1rea Metropolitana y la frontera, abre las celebraciones de Semana Santa en esta Iglesia Particular.<\/p>\n<p>&nbsp; <\/p>\n","protected":false},"excerpt":{"rendered":"<p>C\u00daCUTA.- Alrededor de 50.000 hombres y mujeres de distintas edades se unieron en una sola voz para elevar una oraci\u00f3n por la vida, la reconciliaci\u00f3n y la paz. La tradicional marcha del perd\u00f3n es promovida por la Di\u00f3cesis de C\u00facuta, en el Tiempo de Cuaresma. En esta oportunidad, el recorrido parti\u00f3 de la Plaza de &hellip;<\/p>\n","protected":false},"author":1,"featured_media":29611,"comment_status":"open","ping_status":"open","sticky":false,"template":"","format":"standard","meta":{"footnotes":""},"categories":[4,36],"tags":[8,3555],"class_list":["post-29610","post","type-post","status-publish","format-standard","has-post-thumbnail","hentry","category-barra","category-la-voz-del-pueblo","tag-diocesis-de-cucuta","tag-marcha-por-la-vida"],"_links":{"self":[{"href":"https:\/\/contraluzcucuta.co\/index.php?rest_route=\/wp\/v2\/posts\/29610","targetHints":{"allow":["GET"]}}],"collection":[{"href":"https:\/\/contraluzcucuta.co\/index.php?rest_route=\/wp\/v2\/posts"}],"about":[{"href":"https:\/\/contraluzcucuta.co\/index.php?rest_route=\/wp\/v2\/types\/post"}],"author":[{"embeddable":true,"href":"https:\/\/contraluzcucuta.co\/index.php?rest_route=\/wp\/v2\/users\/1"}],"replies":[{"embeddable":true,"href":"https:\/\/contraluzcucuta.co\/index.php?rest_route=%2Fwp%2Fv2%2Fcomments&post=29610"}],"version-history":[{"count":1,"href":"https:\/\/contraluzcucuta.co\/index.php?rest_route=\/wp\/v2\/posts\/29610\/revisions"}],"predecessor-version":[{"id":29612,"href":"https:\/\/contraluzcucuta.co\/index.php?rest_route=\/wp\/v2\/posts\/29610\/revisions\/29612"}],"wp:featuredmedia":[{"embeddable":true,"href":"https:\/\/contraluzcucuta.co\/index.php?rest_route=\/wp\/v2\/media\/29611"}],"wp:attachment":[{"href":"https:\/\/contraluzcucuta.co\/index.php?rest_route=%2Fwp%2Fv2%2Fmedia&parent=29610"}],"wp:term":[{"taxonomy":"category","embeddable":true,"href":"https:\/\/contraluzcucuta.co\/index.php?rest_route=%2Fwp%2Fv2%2Fcategories&post=29610"},{"taxonomy":"post_tag","embeddable":true,"href":"https:\/\/contraluzcucuta.co\/index.php?rest_route=%2Fwp%2Fv2%2Ftags&post=29610"}],"curies":[{"name":"wp","href":"https:\/\/api.w.org\/{rel}","templated":true}]}}