{"id":29607,"date":"2017-04-01T15:16:49","date_gmt":"2017-04-01T20:16:49","guid":{"rendered":"http:\/\/contraluzcucuta.co\/?p=29607"},"modified":"2017-04-01T15:16:49","modified_gmt":"2017-04-01T20:16:49","slug":"al-dia-noticias-no-aspiro-ni-siquiera-ser-alcalde-de-durania-carlos-ivan-marquez","status":"publish","type":"post","link":"https:\/\/contraluzcucuta.co\/?p=29607","title":{"rendered":"AL D\u00cdA NOTICIAS. \u201cNo aspiro ni siquiera a ser alcalde de Durania\u201d: Carlos Iv\u00e1n M\u00e1rquez"},"content":{"rendered":"<p><strong>C\u00daCUTA.-<\/strong> De manera categ\u00f3rica y contundente respondi\u00f3 Carlos Iv\u00e1n M\u00e1rquez, director de la Unidad Nacional para la Gesti\u00f3n del Riego de Desastres, sobre una posible aspiraci\u00f3n personal a un cargo por elecci\u00f3n popular en Norte de Santander. \u201cJam\u00e1s de lo que he hecho en mi vida hago una acci\u00f3n con inter\u00e9s a futuro\u201d.<\/p>\n<p>El administrador de empresas y especialista en gerencia financiera cumpli\u00f3 seis a\u00f1os al frente del cargo. A finales de marzo de 2011 fue nombrado y asumi\u00f3 el reto el primero de abril. &nbsp;\u201cMal har\u00eda en pretender hacer unas obras en mi tierra con algunos intereses posteriores. No caigo en esos escenarios para buscar futuro\u201d.<\/p>\n<p>A la \u00fanica aspiraci\u00f3n que le apunta es a que Juan Manuel Santos lo deje hasta terminar el periodo presidencial. \u201cCuando termine esta pasant\u00eda por el gobierno, acompa\u00f1ando al presidente, me retiro de los asuntos p\u00fablicos\u201d. Ha representado al pa\u00eds en &nbsp;Ginebra, Par\u00eds, Abu Dhabi, Lima, Sendai, Buenos Aires, Londres, Washington, Guayaquil, New Orleans, San Jos\u00e9 de Costa Rica, Santiago de Chile, Tohoku, entre otros escenarios internacionales.<\/p>\n<p>En las cuentas r\u00e1pidas de la gesti\u00f3n alcanzada en los 32 departamentos de Colombia sum\u00f3 m\u00e1s de 5300 obras de mitigaci\u00f3n de la mano con Colombia Humanitaria, el Fondo Adaptaci\u00f3n y la Unidad para la Gesti\u00f3n del Riesgo. \u201cVoy a terminar, si el Presidente admite que est\u00e9 hasta el final de su periodo, pero no tengo ning\u00fan inter\u00e9s de elecci\u00f3n popular\u201d.<\/p>\n<p>Nunca en su vida ha aspirado a cargos p\u00fablicos, porque respeta a los pol\u00edticos y los admira mucho. Pero esa no es su forma de vida y de actuar. \u201cAspiro a que me entiendan. No tengo aspiraci\u00f3n de ning\u00fan cargo p\u00fablico, menos de elecci\u00f3n popular\u201d.<\/p>\n<p>Al terminar el paso por la Unidad tiene claro que volver\u00e1 al sector privado, a trabajar con organizaciones internacionales humanitarias, y se retirar\u00e1 de los asuntos p\u00fablicos, porque es experto en temas de gesti\u00f3n del riesgo, Derecho Internacional Humanitario, socorro y desastres. La labor en estos a\u00f1os la ha hecho con todo gusto por Norte de Santander, en general, y por C\u00facuta, en particular.<\/p>\n<p>\u201cTenga la seguridad de que no aspiro, ni siquiera a ser alcalde del municipio donde soy oriundo, que es Durania. Eso est\u00e1 para otros. Tengan la tranquilidad, que no tengo aspiraciones\u201d, sentenci\u00f3 Carlos Iv\u00e1n M\u00e1rquez para despejar inquietudes acerca del futuro cercano.<\/p>\n<p>El ex director ejecutivo de la Cruz Roja Seccional Norte de Santander dijo que cuando lleg\u00f3 a la Unidad &nbsp;este era uno de los departamentos m\u00e1s golpeados por el fen\u00f3meno de La Ni\u00f1a (2010 \u2013 2011). En infraestructura vial, educativa y otros sectores se ten\u00edan las mayores necesidades.<\/p>\n<p>\u201cHemos trabajado en los \u00faltimos a\u00f1os. Inicialmente, logramos la recuperaci\u00f3n de puntos cr\u00edticos, de escuelas, y hemos trabajado de la mano de la Gobernaci\u00f3n\u201d. Cuando entr\u00f3 al cargo el gobernador era William Villamizar, luego lleg\u00f3 Edgar D\u00edaz y repiti\u00f3 con William Villamizar.<\/p>\n<p>El trabajo ha estado orientado al fortalecimiento del Consejo Departamental de Gesti\u00f3n del Riesgo y en los municipios. Entre las obras record\u00f3 las ejecutadas en C\u00facuta, Chitag\u00e1, C\u00e1cota, Bochalema, Durania, El Zulia, la provincia de Oca\u00f1a y Los Patios. \u201cEstamos a las puertas de entregar el Centro de Manejo de Desastres Fronterizo\u201d.<\/p>\n<p>La construcci\u00f3n se llevar\u00e1 a cabo en el terreno que entreg\u00f3 la Alcald\u00eda de C\u00facuta. A la tarea se sum\u00f3 la Gobernaci\u00f3n. \u201cSer\u00e1 uno de los Centros m\u00e1s completos de la regi\u00f3n\u201d. Al terminar el encargo, en agosto de 2018, &nbsp;aspira a dejar como ejemplo al departamento y a la capital C\u00facuta en el asunto de gesti\u00f3n de riesgos y desastres.<\/p>\n<p>\u201cHa sido una experiencia importante, pero cuando uno mira en los resultados se ve que se ha avanzado bastante de la mano de todos\u201d, dijo Carlos Iv\u00e1n M\u00e1rquez.<\/p>\n<p><strong>RAFAEL ANTONIO PAB\u00d3N<\/strong><\/p>\n<p><strong><a href=\"mailto:rafaelpabon58@hotmail.com\">rafaelpabon58@hotmail.com<\/a><\/strong><\/p>\n<p>&nbsp; <\/p>\n","protected":false},"excerpt":{"rendered":"<p>C\u00daCUTA.- De manera categ\u00f3rica y contundente respondi\u00f3 Carlos Iv\u00e1n M\u00e1rquez, director de la Unidad Nacional para la Gesti\u00f3n del Riego de Desastres, sobre una posible aspiraci\u00f3n personal a un cargo por elecci\u00f3n popular en Norte de Santander. \u201cJam\u00e1s de lo que he hecho en mi vida hago una acci\u00f3n con inter\u00e9s a futuro\u201d. El administrador &hellip;<\/p>\n","protected":false},"author":1,"featured_media":29608,"comment_status":"open","ping_status":"open","sticky":false,"template":"","format":"standard","meta":{"footnotes":""},"categories":[4,32],"tags":[3554,396,3553],"class_list":["post-29607","post","type-post","status-publish","format-standard","has-post-thumbnail","hentry","category-barra","category-recorrido-por-la-region","tag-al-dia-noticias","tag-carlos-ivan-marquez","tag-unidad-nacional-para-la-gestion-del-riego"],"_links":{"self":[{"href":"https:\/\/contraluzcucuta.co\/index.php?rest_route=\/wp\/v2\/posts\/29607","targetHints":{"allow":["GET"]}}],"collection":[{"href":"https:\/\/contraluzcucuta.co\/index.php?rest_route=\/wp\/v2\/posts"}],"about":[{"href":"https:\/\/contraluzcucuta.co\/index.php?rest_route=\/wp\/v2\/types\/post"}],"author":[{"embeddable":true,"href":"https:\/\/contraluzcucuta.co\/index.php?rest_route=\/wp\/v2\/users\/1"}],"replies":[{"embeddable":true,"href":"https:\/\/contraluzcucuta.co\/index.php?rest_route=%2Fwp%2Fv2%2Fcomments&post=29607"}],"version-history":[{"count":1,"href":"https:\/\/contraluzcucuta.co\/index.php?rest_route=\/wp\/v2\/posts\/29607\/revisions"}],"predecessor-version":[{"id":29609,"href":"https:\/\/contraluzcucuta.co\/index.php?rest_route=\/wp\/v2\/posts\/29607\/revisions\/29609"}],"wp:featuredmedia":[{"embeddable":true,"href":"https:\/\/contraluzcucuta.co\/index.php?rest_route=\/wp\/v2\/media\/29608"}],"wp:attachment":[{"href":"https:\/\/contraluzcucuta.co\/index.php?rest_route=%2Fwp%2Fv2%2Fmedia&parent=29607"}],"wp:term":[{"taxonomy":"category","embeddable":true,"href":"https:\/\/contraluzcucuta.co\/index.php?rest_route=%2Fwp%2Fv2%2Fcategories&post=29607"},{"taxonomy":"post_tag","embeddable":true,"href":"https:\/\/contraluzcucuta.co\/index.php?rest_route=%2Fwp%2Fv2%2Ftags&post=29607"}],"curies":[{"name":"wp","href":"https:\/\/api.w.org\/{rel}","templated":true}]}}