{"id":29598,"date":"2017-04-01T10:06:28","date_gmt":"2017-04-01T15:06:28","guid":{"rendered":"http:\/\/contraluzcucuta.co\/?p=29598"},"modified":"2017-04-01T10:06:28","modified_gmt":"2017-04-01T15:06:28","slug":"dia-de-la-mujer-celebracion-en-el-estadio-general-santander","status":"publish","type":"post","link":"https:\/\/contraluzcucuta.co\/?p=29598","title":{"rendered":"D\u00cdA DE LA MUJER. Celebraci\u00f3n en el estadio General Santander"},"content":{"rendered":"<p><strong>C\u00daCUTA.- <\/strong>integrantes de 800 asociaciones adscritas a la Secretar\u00eda de Equidad de G\u00e9nero asistieron y festejaron el D\u00eda de la Mujer, organizado por la Alcald\u00eda de C\u00facuta.<\/p>\n<p>La actividad se llev\u00f3 a cabo en el estadio General Santander y las 20.000 asistentes participaron en rifas, juegos e intervenciones musicales. La agrupaci\u00f3n \u2018Combo Real\u2019 aprovech\u00f3 la celebraxci\u00f3n para presentar&nbsp; la canci\u00f3n \u2018Somos Iguales\u2019. El mensaje busca promover el buen trato, la ayuda y la solidaridad con respecto al g\u00e9nero femenino.<\/p>\n<p>Ninguna de las mujeres se fue con las manos vac\u00edas, todas recibieron mercados. Carmen C\u00e1ceres, lideresa comunal, agradeci\u00f3 al al alcalde C\u00e9sar Rojas por no pasar por alto la fecha en la que se resalta la labor de la mujer dentro de la sociedad.<\/p>\n<p>\u201cEstoy contenta, porque en la Alcald\u00eda de C\u00facuta, las mujeres tambi\u00e9n somos importantes. El Alcalde comparti\u00f3 con nosotras y nos celebr\u00f3 el D\u00eda de la Mujer, el estadio se llen\u00f3 de mujeres y para todas hubo un detalle\u201d.<\/p>\n<p><strong>Foto: PRENSA ALCALD\u00cdA<\/strong><\/p>\n<p>&nbsp;<\/p>\n<p>&nbsp; <\/p>\n","protected":false},"excerpt":{"rendered":"<p>C\u00daCUTA.- integrantes de 800 asociaciones adscritas a la Secretar\u00eda de Equidad de G\u00e9nero asistieron y festejaron el D\u00eda de la Mujer, organizado por la Alcald\u00eda de C\u00facuta. La actividad se llev\u00f3 a cabo en el estadio General Santander y las 20.000 asistentes participaron en rifas, juegos e intervenciones musicales. La agrupaci\u00f3n \u2018Combo Real\u2019 aprovech\u00f3 la &hellip;<\/p>\n","protected":false},"author":1,"featured_media":29599,"comment_status":"open","ping_status":"open","sticky":false,"template":"","format":"standard","meta":{"footnotes":""},"categories":[2625],"tags":[2733,226,2764],"class_list":["post-29598","post","type-post","status-publish","format-standard","has-post-thumbnail","hentry","category-alcaldia-de-cucuta","tag-alcalde-cesar-rojas","tag-alcaldia-de-cucuta","tag-secretaria-de-equidad-y-genero"],"_links":{"self":[{"href":"https:\/\/contraluzcucuta.co\/index.php?rest_route=\/wp\/v2\/posts\/29598","targetHints":{"allow":["GET"]}}],"collection":[{"href":"https:\/\/contraluzcucuta.co\/index.php?rest_route=\/wp\/v2\/posts"}],"about":[{"href":"https:\/\/contraluzcucuta.co\/index.php?rest_route=\/wp\/v2\/types\/post"}],"author":[{"embeddable":true,"href":"https:\/\/contraluzcucuta.co\/index.php?rest_route=\/wp\/v2\/users\/1"}],"replies":[{"embeddable":true,"href":"https:\/\/contraluzcucuta.co\/index.php?rest_route=%2Fwp%2Fv2%2Fcomments&post=29598"}],"version-history":[{"count":1,"href":"https:\/\/contraluzcucuta.co\/index.php?rest_route=\/wp\/v2\/posts\/29598\/revisions"}],"predecessor-version":[{"id":29600,"href":"https:\/\/contraluzcucuta.co\/index.php?rest_route=\/wp\/v2\/posts\/29598\/revisions\/29600"}],"wp:featuredmedia":[{"embeddable":true,"href":"https:\/\/contraluzcucuta.co\/index.php?rest_route=\/wp\/v2\/media\/29599"}],"wp:attachment":[{"href":"https:\/\/contraluzcucuta.co\/index.php?rest_route=%2Fwp%2Fv2%2Fmedia&parent=29598"}],"wp:term":[{"taxonomy":"category","embeddable":true,"href":"https:\/\/contraluzcucuta.co\/index.php?rest_route=%2Fwp%2Fv2%2Fcategories&post=29598"},{"taxonomy":"post_tag","embeddable":true,"href":"https:\/\/contraluzcucuta.co\/index.php?rest_route=%2Fwp%2Fv2%2Ftags&post=29598"}],"curies":[{"name":"wp","href":"https:\/\/api.w.org\/{rel}","templated":true}]}}