{"id":29595,"date":"2017-04-01T09:48:30","date_gmt":"2017-04-01T14:48:30","guid":{"rendered":"http:\/\/contraluzcucuta.co\/?p=29595"},"modified":"2017-04-01T09:48:30","modified_gmt":"2017-04-01T14:48:30","slug":"puntadas-el-acopio-de-la-gasolina-el-acopio-del-agua","status":"publish","type":"post","link":"https:\/\/contraluzcucuta.co\/?p=29595","title":{"rendered":"PUNTADAS. El acopio de la gasolina&#8230; el acopio del agua"},"content":{"rendered":"<p>&nbsp;<\/p>\n<p>El ex ministro nortesantandereano Enrique Vargas Ram\u00edrez dec\u00eda sobre la frontera: \u201cEs&nbsp; sui generis y cambiante. Lo que aqu\u00ed pasa,&nbsp; no pasa&nbsp; en otras&nbsp; partes, pues la necesidad&nbsp; es&nbsp; diaria y la soluci\u00f3n apremia\u201d. Eso lo escribi\u00f3 en uno de sus libros, esos mismos que nuestros&nbsp; dirigentes desconocen y por ello est\u00e1n condenados a cometer los mismos desaciertos c\u00edclicamente.<\/p>\n<p>La&nbsp; reciente&nbsp; decisi\u00f3n de Corponor de sancionar a Terpel&nbsp; por tener en existencia m\u00e1s gasolina que la autorizada, es algo dentro de lo compresible risible. Eso podr\u00edamos entenderlo si C\u00facuta fuera una ciudad aut\u00f3noma en ese sentido, y esta, al contrario,&nbsp; es una ciudad de consumo donde esos&nbsp; inventarios se rotan, se eliminan, por ello se acopian.<\/p>\n<p>Llama la atenci\u00f3n que el organismo regulador,&nbsp; que est\u00e1 m\u00e1s para preservar las fuentes h\u00eddricas, nos salga con que el problema ambiental en Norte de Santander es el acopio de gasolina y no el del agua. Conociendo, como los nortesantandereanos conocemos a Gregorio Angarita, desconcierta que una&nbsp; persona que conoce la&nbsp; regi\u00f3n como \u00e9l nos salga, a&nbsp; estas&nbsp; alturas, con esa \u2018charada\u2019.<\/p>\n<p>El problema ambiental aqu\u00ed no est\u00e1 en el calor de esas sabanas, \u2018Goyo\u2019, est\u00e1 en que Corponor ha sido permisivo con los depredadores del medio ambiente en un departamento donde la preservaci\u00f3n de r\u00edos y bosques es constante. La deforestaci\u00f3n deja secuelas, tanto en invierno como en verano. En invierno, las monta\u00f1as ceden, como hoy ocurre&nbsp; en la v\u00eda La Donjuana \u2013 Chin\u00e1cota,&nbsp; porque el retenedor natural, que era la ra\u00edz del \u00e1rbol no est\u00e1. Y en verano, el agua escasea por el mismo motivo. Y qu\u00e9 decir de las cientos de&nbsp; quebradas que desaparecieron de la hidrograf\u00eda de Norte de Santander: La Negra, El Tablazo, La&nbsp; Culebra y muchas m\u00e1s&nbsp; que no van al T\u00e1chira, Pamplonita, Zulia ni &nbsp;Algodonal. As\u00ed, en menos de 50 a\u00f1os,&nbsp; Norte de Santander ha perdido casi el 40 por ciento&nbsp; de la capacidad&nbsp; h\u00eddrica, su&nbsp; f\u00e1brica\u2026&nbsp; su acopio, pero de agua.<\/p>\n<p>Ese es el acopio que debe interesar, no el otro,&nbsp; el que durante a\u00f1os&nbsp; los nortesantandereanos han reclamando al Gobierno \u201cgasolina para la frontera\u201d. Ese es meramente circunstancial. El que interesa, en verdad, es el del agua, del que dependen muchas generaciones. Ese concepto, adem\u00e1s, deben tenerlo claro los nortesantandereanos, hay que recalcarlo a los funcionarios de Corponor, en especial a aquellos a&nbsp; los que la&nbsp; comunidad se\u00f1ala de dejarse&nbsp; sobornar&nbsp; para permitir la&nbsp; tala de las&nbsp; monta\u00f1as&nbsp; nortesantandereanas.<\/p>\n<p>De lo dem\u00e1s,&nbsp; aplique&nbsp; la ley, pero como&nbsp; todas&nbsp; las&nbsp; cosas&nbsp; tiene&nbsp; sus prioridades y Corponor&nbsp; sabe&nbsp; cu\u00e1les&nbsp; son. No hay necesidad de&nbsp; recalcarlas.<\/p>\n<p><strong>JUAN RICARDO G\u00c9LVEZ<\/strong> <\/p>\n","protected":false},"excerpt":{"rendered":"<p>&nbsp; El ex ministro nortesantandereano Enrique Vargas Ram\u00edrez dec\u00eda sobre la frontera: \u201cEs&nbsp; sui generis y cambiante. Lo que aqu\u00ed pasa,&nbsp; no pasa&nbsp; en otras&nbsp; partes, pues la necesidad&nbsp; es&nbsp; diaria y la soluci\u00f3n apremia\u201d. Eso lo escribi\u00f3 en uno de sus libros, esos mismos que nuestros&nbsp; dirigentes desconocen y por ello est\u00e1n condenados a &hellip;<\/p>\n","protected":false},"author":1,"featured_media":29596,"comment_status":"open","ping_status":"open","sticky":false,"template":"","format":"standard","meta":{"footnotes":""},"categories":[14,4],"tags":[2749,493,700,120,2646],"class_list":["post-29595","post","type-post","status-publish","format-standard","has-post-thumbnail","hentry","category-articulistas","category-barra","tag-articulistas-contraluz","tag-corponor","tag-gasolina-en-cucuta","tag-gregorio-angarita-lamk","tag-juan-ricardo-gelvez"],"_links":{"self":[{"href":"https:\/\/contraluzcucuta.co\/index.php?rest_route=\/wp\/v2\/posts\/29595","targetHints":{"allow":["GET"]}}],"collection":[{"href":"https:\/\/contraluzcucuta.co\/index.php?rest_route=\/wp\/v2\/posts"}],"about":[{"href":"https:\/\/contraluzcucuta.co\/index.php?rest_route=\/wp\/v2\/types\/post"}],"author":[{"embeddable":true,"href":"https:\/\/contraluzcucuta.co\/index.php?rest_route=\/wp\/v2\/users\/1"}],"replies":[{"embeddable":true,"href":"https:\/\/contraluzcucuta.co\/index.php?rest_route=%2Fwp%2Fv2%2Fcomments&post=29595"}],"version-history":[{"count":1,"href":"https:\/\/contraluzcucuta.co\/index.php?rest_route=\/wp\/v2\/posts\/29595\/revisions"}],"predecessor-version":[{"id":29597,"href":"https:\/\/contraluzcucuta.co\/index.php?rest_route=\/wp\/v2\/posts\/29595\/revisions\/29597"}],"wp:featuredmedia":[{"embeddable":true,"href":"https:\/\/contraluzcucuta.co\/index.php?rest_route=\/wp\/v2\/media\/29596"}],"wp:attachment":[{"href":"https:\/\/contraluzcucuta.co\/index.php?rest_route=%2Fwp%2Fv2%2Fmedia&parent=29595"}],"wp:term":[{"taxonomy":"category","embeddable":true,"href":"https:\/\/contraluzcucuta.co\/index.php?rest_route=%2Fwp%2Fv2%2Fcategories&post=29595"},{"taxonomy":"post_tag","embeddable":true,"href":"https:\/\/contraluzcucuta.co\/index.php?rest_route=%2Fwp%2Fv2%2Ftags&post=29595"}],"curies":[{"name":"wp","href":"https:\/\/api.w.org\/{rel}","templated":true}]}}