{"id":29585,"date":"2017-03-26T21:37:46","date_gmt":"2017-03-27T02:37:46","guid":{"rendered":"http:\/\/contraluzcucuta.co\/?p=29585"},"modified":"2017-03-26T21:37:46","modified_gmt":"2017-03-27T02:37:46","slug":"encuentro-por-la-paz-expectativas-de-negocios-por-16399-millones-en-cucuta","status":"publish","type":"post","link":"https:\/\/contraluzcucuta.co\/?p=29585","title":{"rendered":"\u2018ENCUENTRO POR LA PAZ\u2019. Expectativas de negocios por $ 1639,9 millones, en C\u00facuta"},"content":{"rendered":"<p><strong>C\u00daCUTA.-<\/strong> 2685 empresarios, emprendedores, organizaciones, compradores, cooperantes, representantes de entidades y periodistas visitaron el \u2018Encuentro por la Paz\u2019, en C\u00facuta. La actividad hizo parte del programa \u2018Tengo un proyecto, hag\u00e1moslo realidad\u2019, liderado por la Alta Consejer\u00eda para el Posconflicto, la Agencia de Renovaci\u00f3n del Territorio y Propa\u00eds. Las siguientes versiones &nbsp;llegar\u00e1n a Caquet\u00e1 y Cauca.<\/p>\n<p>El objetivo es generar espacios de encuentros por la paz en los territorios afectados y vulnerados por la presencia de cultivos il\u00edcitos. El Parque 300 a\u00f1os, fue el punto de encuentro&nbsp; de 351 organizaciones, que presentaron 105 proyectos y ofrecieron &nbsp;46 iniciativas productivas&nbsp; a 25 compradores y 20 cooperantes de diferentes partes del pa\u00eds. Las expectativas de negocios alcanzaron los $ 1639,9 millones y un valor estimado de alianzas por $ 78.365,7 millones.<\/p>\n<p>Las organizaciones, provenientes de Arauca, Bol\u00edvar, Boyac\u00e1, Norte de Santander y Santander dieron a conocer los productos a &nbsp;la Fundaci\u00f3n Capital, Gresco, Grupo \u00c9xito, Agromayorista, Almacenes La 14, Infantiles Nico, Corporaci\u00f3n Minuto de Dios, Bancompartir, Supermercados La Canasta, Comercializadora \u00c9xodo, El Gran Vestir, Supermercados Panorama, Agencia de Desarrollo Rural, Moiss, Sendai Sistemas E.U., Liza Calzado y Hotel Holiday Inn, entre otros compradores y cooperantes.<\/p>\n<p>En la exhibici\u00f3n empresarial y comercial 86 campesinos y artesanos ofertaron productos t\u00edpicos e innovadores. Al t\u00e9rmino de la jornada reportaron ventas directas por $ 34,4 millones. El Encuentro permiti\u00f3 la participaci\u00f3n en actividades de capacitaci\u00f3n.<\/p>\n<p>Compradores, cooperantes, empresarios y entidades contaron por qu\u00e9 participar en el \u2018Encuentro por la Paz\u2019.<\/p>\n<p><strong>1.- Empresario<\/strong><\/p>\n<p>Patricia Castro y Ciro Santiago Porras, madre e hijo.<\/p>\n<p>El ni\u00f1o de 9 a\u00f1os es el emprendedor creador de la empresa Hortalizas para Mam\u00e1, bebidas y postres elaborados con hortalizas, cuyos clientes son desplazados por la violencia y venezolanos que presentan alta desnutrici\u00f3n. \u201cAtender a esta poblaci\u00f3n es para nosotros contribuir a la paz\u201d, dijo Patricia.<\/p>\n<p><strong>2.- Comprador<\/strong><\/p>\n<p>Participar en el \u2018Encuentro por la Paz\u2019 es contribuir al desarrollo de la regi\u00f3n, apoyar a los emprendedores y empresarios a salir adelante mostrando ideas y productos, coment\u00f3 Grace Leyva.<\/p>\n<p><strong>3.- Cooperante<\/strong><\/p>\n<p>Daniela Camargo, de Pacto Global Red Colombia de Naciones Unidas, dijo que \u201cqueremos conocer qu\u00e9 hacen las empresas para la construcci\u00f3n de paz. Hemos visto proyectos sociales y de medio ambiente que ayudan a poblaci\u00f3n vulnerable a generar ingresos econ\u00f3micos. El participar en este \u2018Encuentro\u2019 ayuda a generar paz.<\/p>\n<p><strong>4.- Instituci\u00f3n Aliada<\/strong><\/p>\n<p>Juan Carlos P\u00e9rez, director de Proyectos de la Secretar\u00eda de Posconflicto y Cultura de Paz, de C\u00facuta, anot\u00f3 que \u201ceste \u2018Encuentro\u2019 ha sido un \u00e9xito. Es una iniciativa que invita a sensibilizar a entidades y empresarios para ver las oportunidades que brinda la poblaci\u00f3n v\u00edctima con su trabajo y sus productos\u201d.<\/p>\n<p>Los organizadores del \u2018Encuentro por la Paz\u2019 son:<\/p>\n<p><strong>1.- Alta Consejer\u00eda para el Posconflicto, Derechos Humanos y Seguridad<\/strong><\/p>\n<p>Articula la visi\u00f3n de conjunto del Gobierno colombiano sobre el posconflicto, contribuye en la relaci\u00f3n con las dem\u00e1s entidades, la sociedad civil y las autoridades departamentales y locales en su funci\u00f3n de preparaci\u00f3n del alistamiento para la implementaci\u00f3n de los planes y proyectos en la etapa posterior a los acuerdos de paz.<\/p>\n<p><strong>2.- Agencia de Renovaci\u00f3n del Territorio<\/strong><\/p>\n<p>Tiene como objetivo coordinar la intervenci\u00f3n de las entidades nacionales y territoriales en las zonas rurales afectadas por el conflicto priorizadas por el Gobierno, mediante la ejecuci\u00f3n de planes y proyectos para la renovaci\u00f3n territorial de estas zonas, que permitan la reactivaci\u00f3n econ\u00f3mica y social, y el fortalecimiento institucional, para que se integren de manera sostenible al desarrollo del pa\u00eds.<\/p>\n<p><strong>3.- Propa\u00eds<\/strong><\/p>\n<p>Entidad p\u00fablico privada que impulsa el desarrollo empresarial mediante el fortalecimiento organizacional de empresarios, emprendimientos y la vinculaci\u00f3n de Mipymes a cadenas de valor de grandes empresas, el apoyo a la comercializaci\u00f3n, la evaluaci\u00f3n de proyectos, la trasformaci\u00f3n productiva y la formalizaci\u00f3n. <\/p>\n","protected":false},"excerpt":{"rendered":"<p>C\u00daCUTA.- 2685 empresarios, emprendedores, organizaciones, compradores, cooperantes, representantes de entidades y periodistas visitaron el \u2018Encuentro por la Paz\u2019, en C\u00facuta. La actividad hizo parte del programa \u2018Tengo un proyecto, hag\u00e1moslo realidad\u2019, liderado por la Alta Consejer\u00eda para el Posconflicto, la Agencia de Renovaci\u00f3n del Territorio y Propa\u00eds. Las siguientes versiones &nbsp;llegar\u00e1n a Caquet\u00e1 y Cauca. &hellip;<\/p>\n","protected":false},"author":1,"featured_media":29586,"comment_status":"open","ping_status":"open","sticky":false,"template":"","format":"standard","meta":{"footnotes":""},"categories":[32],"tags":[3546,3551],"class_list":["post-29585","post","type-post","status-publish","format-standard","has-post-thumbnail","hentry","category-recorrido-por-la-region","tag-encuentro-por-la-paz","tag-propais"],"_links":{"self":[{"href":"https:\/\/contraluzcucuta.co\/index.php?rest_route=\/wp\/v2\/posts\/29585","targetHints":{"allow":["GET"]}}],"collection":[{"href":"https:\/\/contraluzcucuta.co\/index.php?rest_route=\/wp\/v2\/posts"}],"about":[{"href":"https:\/\/contraluzcucuta.co\/index.php?rest_route=\/wp\/v2\/types\/post"}],"author":[{"embeddable":true,"href":"https:\/\/contraluzcucuta.co\/index.php?rest_route=\/wp\/v2\/users\/1"}],"replies":[{"embeddable":true,"href":"https:\/\/contraluzcucuta.co\/index.php?rest_route=%2Fwp%2Fv2%2Fcomments&post=29585"}],"version-history":[{"count":1,"href":"https:\/\/contraluzcucuta.co\/index.php?rest_route=\/wp\/v2\/posts\/29585\/revisions"}],"predecessor-version":[{"id":29587,"href":"https:\/\/contraluzcucuta.co\/index.php?rest_route=\/wp\/v2\/posts\/29585\/revisions\/29587"}],"wp:featuredmedia":[{"embeddable":true,"href":"https:\/\/contraluzcucuta.co\/index.php?rest_route=\/wp\/v2\/media\/29586"}],"wp:attachment":[{"href":"https:\/\/contraluzcucuta.co\/index.php?rest_route=%2Fwp%2Fv2%2Fmedia&parent=29585"}],"wp:term":[{"taxonomy":"category","embeddable":true,"href":"https:\/\/contraluzcucuta.co\/index.php?rest_route=%2Fwp%2Fv2%2Fcategories&post=29585"},{"taxonomy":"post_tag","embeddable":true,"href":"https:\/\/contraluzcucuta.co\/index.php?rest_route=%2Fwp%2Fv2%2Ftags&post=29585"}],"curies":[{"name":"wp","href":"https:\/\/api.w.org\/{rel}","templated":true}]}}