{"id":29579,"date":"2017-03-25T20:48:27","date_gmt":"2017-03-26T01:48:27","guid":{"rendered":"http:\/\/contraluzcucuta.co\/?p=29579"},"modified":"2017-03-25T20:48:27","modified_gmt":"2017-03-26T01:48:27","slug":"informe-especial-la-memoria-del-ausente","status":"publish","type":"post","link":"https:\/\/contraluzcucuta.co\/?p=29579","title":{"rendered":"INFORME ESPECIAL. La Memoria del ausente"},"content":{"rendered":"<p><strong>C\u00daCUTA.-<\/strong> La mayor\u00eda de los cucute\u00f1os no sabe que en la ciudad existe un monumento que rinde homenaje a las v\u00edctimas del conflicto en Norte de Santander. Son los afectados de la guerra que en el siglo XXI marc\u00f3 la vida de millares de colombianos.<\/p>\n<p>El conflicto pol\u00edtico en Colombia se remonta al siglo XIX, cuando comenzaron las rivalidades entre los partidos tradicionales y se hizo m\u00e1s fuerte durante la Guerra de los Mil D\u00edas, que marc\u00f3 el &nbsp;inici\u00f3 de un largo periodo de violencia.<\/p>\n<p>El conflicto armado actual empez\u00f3 en la d\u00e9cada de los 60, con la aparici\u00f3n de las guerrillas (principalmente las Fuerzas Armadas Revolucionarias de Colombia y el Ej\u00e9rcito de Liberaci\u00f3n Nacional), fruto de la exclusi\u00f3n social y pol\u00edtica, la distribuci\u00f3n desigual de las tierras y la injusticia social.<\/p>\n<p>El esposo de Martha Mora fue dado de baja en El Catatumbo (Norte de Santander) por paramilitares que buscaban tierras para resguardarse&nbsp; de la persecuci\u00f3n del Ej\u00e9rcito. La mujer qued\u00f3 viuda y con dos hijos. En la restituci\u00f3n de&nbsp; v\u00edctimas, el exjefe \u2018Jorge 40\u2019 confes\u00f3 el crimen y pidi\u00f3 perd\u00f3n por haberle matado a la pareja sentimental. La audiencia p\u00fablica ocurri\u00f3 en el 2012 y desde entonces recibe ayuda oficial y es beneficiada del posconflicto, pero desconoce que hay un monumento en memoria de los ausentes que gener\u00f3 la violencia.<\/p>\n<p>En el pa\u00eds existen alrededor de unos 140 grupos de los cuales la mayor\u00eda es financiada por el narcotr\u00e1fico. Entre 1948 y 1965, hubo una guerra tan sangrienta que ese periodo se conoce como la \u2018\u00e9poca de la violencia\u2019. En 1958, el poder se distribuy\u00f3 entre los dos partidos tradicionales Liberal y Conservador. Los dem\u00e1s grupos de presi\u00f3n no pudieron participar en los procesos pol\u00edticos.<\/p>\n<p>Alias \u2018Talega\u2019 es reinsertado. Se integr\u00f3 a la sociedad despu\u00e9s de un tiempo de marginaci\u00f3n y aislamiento para cumplir condena por haber pertenecido a una organizaci\u00f3n delictiva. Al conocer del Parque Playa manifest\u00f3 satisfacci\u00f3n por la obra. \u201cEllos, los fallecidos, deben ser recordados para que nunca mueran\u201d. Varias de sus v\u00edctimas a\u00fan no est\u00e1n identificadas, porque son \u2018trabajos\u2019 que cumpli\u00f3 bajo efectos de sustancias alucin\u00f3genas. Hoy hacen parte del pasado.<\/p>\n<p>A mediados de los 60 se formaron las guerrillas de izquierda m\u00e1s importantes: las &nbsp;Farc y el Eln. Las dos controlan, con m\u00e1s de 15.000 combatientes, la mitad de la superficie de Colombia, como se afirma en una publicaci\u00f3n de Colombia.com.<\/p>\n<p>La paz les produce descanso a los reinsertados y ahora tienen garant\u00edas de vida, como la reconciliaci\u00f3n con las familias afectadas. El Parque Playa es eso,&nbsp; un lugar de descanso, donde pueden leerse nombres de desconocidos que hacen parte de lo que es Colombia. Es el primer memorial verde en honor a las v\u00edctimas de la guerra y la violencia que sacudieron a Norte de Santander.<\/p>\n<p>El proyecto comenz\u00f3 en diciembre de 2016,&nbsp; con el prop\u00f3sito de cumplir tres objetivos:<\/p>\n<p>1.- Tomar una acci\u00f3n efectiva para recuperar el Pamplonita, con la plantaci\u00f3n de 3000 \u00e1rboles a la orilla del r\u00edo.<\/p>\n<p>2.- Dignificar y honrar a las v\u00edctimas de la guerra y la violencia en Norte de Santander. De los 3000 \u00e1rboles, 600 tienen una placa que especifica el nombre de los fallecidos&nbsp; y desaparecidos. Los nombres se recolectaron con familiares. En diciembre, se integraron para llevar a cabo el objetivo.<\/p>\n<p>3.- Honrar a los miembros de las fuerzas militares&nbsp; ca\u00eddos&nbsp; en el cumplimiento del deber. Se levant\u00f3 una escultura con 1700 llantas de carros y motos. Se construy\u00f3 de la mano con el ej\u00e9rcito para sensibilizar la sociedad civil y a la empresa privada sobre la realidad&nbsp; del conflicto.<\/p>\n<p>Adem\u00e1s, se construy\u00f3 un muro en cer\u00e1mica, constituido por &nbsp;15 pilares. El dise\u00f1o naci\u00f3 en los talleres participativos con colectivos de victimas, por intermedio de la Defensor\u00eda del Pueblo. En la memoria se muestran&nbsp; las cifras de v\u00edctimas&nbsp; generadas a\u00f1o a a\u00f1o en Norte de Santander,&nbsp; entre 1986&nbsp; y 2016. &nbsp;<\/p>\n<p>La finalidad es que los visitantes reconozcan la din\u00e1mica del conflicto, &nbsp;se interroguen, se apropien y sientan la necesidad de ayudar y den una mano para salir de la situaci\u00f3n vivida por las v\u00edctimas en los \u00faltimos 20 a\u00f1os.&nbsp;De esta manera se honran en un sitio central, emblem\u00e1tico e&nbsp; importante como el Parque Playa. Tambi\u00e9n, es un proyecto ecol\u00f3gico con el reto de mostrarle a la ciudad en el que &nbsp;todos deben meter las manos.<\/p>\n<p><strong>STHEFANIA PAB\u00d3N &#8211; JAIRO C\u00c1RDENAS &#8211; LAUDITH QUINTERO<\/strong><\/p>\n<p><strong>Comunicadores en formaci\u00f3n<\/strong><\/p>\n<p><strong>Universidad de pamplona<\/strong><\/p>\n<p><strong>Campus de Villa del Rosario<\/strong><\/p>\n<p>&nbsp;<\/p>\n<p><strong>&nbsp;<\/strong><\/p>\n<p><strong>&nbsp;<\/strong> <\/p>\n","protected":false},"excerpt":{"rendered":"<p>C\u00daCUTA.- La mayor\u00eda de los cucute\u00f1os no sabe que en la ciudad existe un monumento que rinde homenaje a las v\u00edctimas del conflicto en Norte de Santander. Son los afectados de la guerra que en el siglo XXI marc\u00f3 la vida de millares de colombianos. El conflicto pol\u00edtico en Colombia se remonta al siglo XIX, &hellip;<\/p>\n","protected":false},"author":1,"featured_media":29581,"comment_status":"open","ping_status":"open","sticky":false,"template":"","format":"standard","meta":{"footnotes":""},"categories":[74,10,4],"tags":[3247,3428],"class_list":["post-29579","post","type-post","status-publish","format-standard","has-post-thumbnail","hentry","category-aula-universitaria","category-cronicas","category-barra","tag-monumento-a-la-paz","tag-parque-playa"],"_links":{"self":[{"href":"https:\/\/contraluzcucuta.co\/index.php?rest_route=\/wp\/v2\/posts\/29579","targetHints":{"allow":["GET"]}}],"collection":[{"href":"https:\/\/contraluzcucuta.co\/index.php?rest_route=\/wp\/v2\/posts"}],"about":[{"href":"https:\/\/contraluzcucuta.co\/index.php?rest_route=\/wp\/v2\/types\/post"}],"author":[{"embeddable":true,"href":"https:\/\/contraluzcucuta.co\/index.php?rest_route=\/wp\/v2\/users\/1"}],"replies":[{"embeddable":true,"href":"https:\/\/contraluzcucuta.co\/index.php?rest_route=%2Fwp%2Fv2%2Fcomments&post=29579"}],"version-history":[{"count":1,"href":"https:\/\/contraluzcucuta.co\/index.php?rest_route=\/wp\/v2\/posts\/29579\/revisions"}],"predecessor-version":[{"id":29582,"href":"https:\/\/contraluzcucuta.co\/index.php?rest_route=\/wp\/v2\/posts\/29579\/revisions\/29582"}],"wp:featuredmedia":[{"embeddable":true,"href":"https:\/\/contraluzcucuta.co\/index.php?rest_route=\/wp\/v2\/media\/29581"}],"wp:attachment":[{"href":"https:\/\/contraluzcucuta.co\/index.php?rest_route=%2Fwp%2Fv2%2Fmedia&parent=29579"}],"wp:term":[{"taxonomy":"category","embeddable":true,"href":"https:\/\/contraluzcucuta.co\/index.php?rest_route=%2Fwp%2Fv2%2Fcategories&post=29579"},{"taxonomy":"post_tag","embeddable":true,"href":"https:\/\/contraluzcucuta.co\/index.php?rest_route=%2Fwp%2Fv2%2Ftags&post=29579"}],"curies":[{"name":"wp","href":"https:\/\/api.w.org\/{rel}","templated":true}]}}