{"id":29573,"date":"2017-03-25T15:35:03","date_gmt":"2017-03-25T20:35:03","guid":{"rendered":"http:\/\/contraluzcucuta.co\/?p=29573"},"modified":"2017-03-25T15:35:03","modified_gmt":"2017-03-25T20:35:03","slug":"cucuta-como-vamos-49-de-los-cucutenos-cree-que-la-ciudad-va-por-buen-camino","status":"publish","type":"post","link":"https:\/\/contraluzcucuta.co\/?p=29573","title":{"rendered":"C\u00daCUTA C\u00d3MO VAMOS. 49 % de los cucute\u00f1os cree que la ciudad va por buen camino"},"content":{"rendered":"<p><strong>C\u00daCUTA.-<\/strong> Mientras el 49 por ciento de los cucute\u00f1os consider\u00f3 que la ciudad va por buen camino, el 34 por ciento se siente inseguro en su barrio. Las respuestas corresponden a la encuesta de percepci\u00f3n ciudadana \u2018C\u00facuta c\u00f3mo vamos\u2019, que lidera la C\u00e1mara de Comercio, y mide la calidad de vida en el 2016. &nbsp;La plataforma de datos abiertos ofrece informaci\u00f3n confiable e imparcial sobre diferentes temas en las 15 principales ciudades de Colombia.<\/p>\n<p>Mario Zambrano, coordinador del programa, destac\u00f3 en este informe que entre las conclusiones se consider\u00f3 importante mejorar la seguridad en los barrios, las v\u00edas, la oferta cultural y la cultura ciudadana.<\/p>\n<p>El presidente ejecutivo de la C\u00e1mara de Comercio de C\u00facuta, Carlos Luna, manifest\u00f3 que el informe es una herramienta para mejorar la situaci\u00f3n de la ciudad en todos los sectores, sean p\u00fablicos o privados. Destac\u00f3 que se efectuar\u00e1n mesas de trabajo para hacer el seguimiento de las conclusiones. La informaci\u00f3n &nbsp;requiere un an\u00e1lisis y un compromiso para que sea \u00fatil en la trasformaci\u00f3n de la ciudad.<\/p>\n<p>El trabajo investigativo se dividi\u00f3 en cinco momentos: Entorno general, H\u00e1bitat urbano, Activos personales, Gobierno y ciudadan\u00eda, y &nbsp;Entorno econ\u00f3mico.<\/p>\n<p>En torno al Optimismo, &nbsp;los habitantes de las comunas 7 y 6 piensan que la ciudad va por buen camino, con 57 por ciento, seguidos por las comuna 8, 9, 1 y 10, con 53 %; las comunas 5 y 2, con 46 %, y las comunas 4 y 3, con 44 %.<\/p>\n<p>En los estratos bajos (1 y 2) hay mayor optimismo, con 51 %; seguidos por los estratos medios (3 y 4), con 48 %, y los menos optimistas son los residentes en los estratos altos (5 y 6), con 27 %.<\/p>\n<p><strong>\u00bfQu\u00e9 tan orgulloso se siente de la ciudad?<\/strong><\/p>\n<p>Comuna 7 y 6 &nbsp;&nbsp;&nbsp;&nbsp;&nbsp;&nbsp;&nbsp;&nbsp;&nbsp;&nbsp; &nbsp;61 %<\/p>\n<p>Comuna 8,9,1 y 10&nbsp;&nbsp;&nbsp;&nbsp; 60 %<\/p>\n<p>Comuna 5 y 2&nbsp;&nbsp;&nbsp;&nbsp;&nbsp;&nbsp;&nbsp;&nbsp;&nbsp;&nbsp;&nbsp; 57 %<\/p>\n<p>Comuna 4 y 3&nbsp;&nbsp;&nbsp;&nbsp;&nbsp;&nbsp;&nbsp;&nbsp;&nbsp;&nbsp;&nbsp; 56 %<\/p>\n<p>Estratos bajos (1 y 2)&nbsp;&nbsp;&nbsp;&nbsp;&nbsp;&nbsp;&nbsp;&nbsp;&nbsp; 63 %<\/p>\n<p>Estratos medios (3 y 4)&nbsp;&nbsp;&nbsp;&nbsp;&nbsp;&nbsp; 60 %<\/p>\n<p>Estratos altos (5 y 6)&nbsp;&nbsp;&nbsp;&nbsp;&nbsp;&nbsp;&nbsp;&nbsp;&nbsp;&nbsp; 66 %<\/p>\n<p>&nbsp;<\/p>\n<p><strong>Personas que se sienten inseguras en su barrio<\/strong><\/p>\n<p>Comuna 7 y 6&nbsp;&nbsp;&nbsp;&nbsp;&nbsp;&nbsp;&nbsp;&nbsp;&nbsp;&nbsp;&nbsp; 44 %<\/p>\n<p>Comuna 8,9,1 y 10&nbsp;&nbsp;&nbsp;&nbsp; 32 %<\/p>\n<p>Comuna 5 y 2&nbsp;&nbsp;&nbsp;&nbsp;&nbsp;&nbsp;&nbsp;&nbsp;&nbsp;&nbsp;&nbsp; 29 %<\/p>\n<p>Comuna 4 y 3&nbsp;&nbsp;&nbsp;&nbsp;&nbsp;&nbsp;&nbsp;&nbsp;&nbsp;&nbsp;&nbsp; 19 %<\/p>\n<p>Estratos bajos (1 y 2)&nbsp;&nbsp;&nbsp;&nbsp;&nbsp;&nbsp;&nbsp;&nbsp;&nbsp; 38 %<\/p>\n<p>Estratos medios (3 y 4)&nbsp;&nbsp;&nbsp;&nbsp;&nbsp;&nbsp; 22 %<\/p>\n<p>Estrato alto (5)&nbsp;&nbsp;&nbsp;&nbsp;&nbsp;&nbsp;&nbsp;&nbsp;&nbsp;&nbsp;&nbsp;&nbsp;&nbsp;&nbsp;&nbsp;&nbsp;&nbsp;&nbsp; 20 %<\/p>\n<p><strong>\u00bfCu\u00e1les son los problemas m\u00e1s graves en relaci\u00f3n con la seguridad en su barrio?<\/strong><\/p>\n<p>Muchos atracos callejeros&nbsp;&nbsp;&nbsp; &nbsp;&nbsp;&nbsp;&nbsp;&nbsp;&nbsp;&nbsp; 64 %<\/p>\n<p>Drogadicci\u00f3n&nbsp;&nbsp;&nbsp;&nbsp;&nbsp;&nbsp;&nbsp;&nbsp;&nbsp;&nbsp;&nbsp;&nbsp;&nbsp;&nbsp;&nbsp;&nbsp;&nbsp;&nbsp;&nbsp;&nbsp;&nbsp;&nbsp;&nbsp;&nbsp;&nbsp;&nbsp;&nbsp;&nbsp;&nbsp; 52 %<\/p>\n<p>Asaltos a casas o apartamentos&nbsp;&nbsp;&nbsp; 23 %<\/p>\n<p>Atracos a tiendas o negocios&nbsp;&nbsp;&nbsp;&nbsp;&nbsp;&nbsp;&nbsp;&nbsp;&nbsp;&nbsp;&nbsp;&nbsp;&nbsp;&nbsp;&nbsp; 12 %<\/p>\n<p>Se roban muchos carros o partes&nbsp; 11 %<\/p>\n<p>Tr\u00e1fico de drogas&nbsp;&nbsp;&nbsp;&nbsp;&nbsp;&nbsp;&nbsp;&nbsp;&nbsp;&nbsp;&nbsp;&nbsp;&nbsp;&nbsp;&nbsp;&nbsp;&nbsp;&nbsp;&nbsp;&nbsp;&nbsp;&nbsp;&nbsp;&nbsp;&nbsp;&nbsp;&nbsp;&nbsp;&nbsp;&nbsp; 11 %<\/p>\n<p>Las pandillas&nbsp;&nbsp;&nbsp;&nbsp;&nbsp;&nbsp;&nbsp;&nbsp;&nbsp;&nbsp;&nbsp;&nbsp;&nbsp;&nbsp;&nbsp;&nbsp;&nbsp;&nbsp;&nbsp;&nbsp;&nbsp;&nbsp;&nbsp;&nbsp;&nbsp;&nbsp;&nbsp;&nbsp;&nbsp; 9 %<\/p>\n<p>Se presentan casos de homicidio&nbsp; 8 %<\/p>\n<p>Vandalismo contra edificaciones&nbsp;&nbsp;&nbsp; 4 %<\/p>\n<p>Falta de polic\u00edas&nbsp; &nbsp;&nbsp;&nbsp;&nbsp;&nbsp;&nbsp;&nbsp;&nbsp;&nbsp;&nbsp;&nbsp;&nbsp;&nbsp;&nbsp;&nbsp;&nbsp;&nbsp;&nbsp;&nbsp;&nbsp;&nbsp;&nbsp;&nbsp; 3 %<\/p>\n<p>Presencia de indigentes&nbsp;&nbsp;&nbsp;&nbsp;&nbsp;&nbsp;&nbsp;&nbsp;&nbsp;&nbsp;&nbsp;&nbsp;&nbsp;&nbsp; 2 %<\/p>\n<p>Otros&nbsp;&nbsp;&nbsp;&nbsp;&nbsp;&nbsp;&nbsp;&nbsp;&nbsp;&nbsp;&nbsp;&nbsp;&nbsp;&nbsp;&nbsp;&nbsp;&nbsp;&nbsp;&nbsp;&nbsp;&nbsp;&nbsp;&nbsp;&nbsp;&nbsp;&nbsp;&nbsp;&nbsp;&nbsp;&nbsp;&nbsp;&nbsp;&nbsp;&nbsp;&nbsp;&nbsp;&nbsp;&nbsp;&nbsp; 8 %<\/p>\n<p>Ninguno&nbsp;&nbsp;&nbsp;&nbsp;&nbsp;&nbsp;&nbsp;&nbsp;&nbsp;&nbsp;&nbsp;&nbsp;&nbsp;&nbsp;&nbsp;&nbsp;&nbsp;&nbsp;&nbsp;&nbsp;&nbsp;&nbsp;&nbsp;&nbsp;&nbsp;&nbsp;&nbsp;&nbsp;&nbsp;&nbsp;&nbsp;&nbsp;&nbsp;&nbsp;&nbsp; 6 %<\/p>\n<p><strong>\u00bfQu\u00e9 medio de transporte usa principalmente?<\/strong><\/p>\n<p>Bus\/Buseta&nbsp;&nbsp;&nbsp;&nbsp;&nbsp;&nbsp;&nbsp;&nbsp;&nbsp;&nbsp;&nbsp;&nbsp;&nbsp;&nbsp;&nbsp; &nbsp;&nbsp;&nbsp;&nbsp;&nbsp;&nbsp;&nbsp;&nbsp;&nbsp;&nbsp;&nbsp;&nbsp;&nbsp;&nbsp;&nbsp; 48 %<\/p>\n<p>Moto&nbsp;&nbsp;&nbsp;&nbsp;&nbsp;&nbsp;&nbsp;&nbsp;&nbsp;&nbsp;&nbsp;&nbsp;&nbsp;&nbsp;&nbsp;&nbsp;&nbsp;&nbsp;&nbsp;&nbsp;&nbsp;&nbsp;&nbsp;&nbsp;&nbsp;&nbsp;&nbsp;&nbsp;&nbsp;&nbsp;&nbsp;&nbsp;&nbsp;&nbsp;&nbsp;&nbsp;&nbsp;&nbsp;&nbsp; 5 %<\/p>\n<p>Veh\u00edculo particular&nbsp;&nbsp;&nbsp;&nbsp;&nbsp;&nbsp;&nbsp;&nbsp;&nbsp;&nbsp;&nbsp;&nbsp;&nbsp;&nbsp;&nbsp;&nbsp;&nbsp;&nbsp;&nbsp;&nbsp;&nbsp; 23 %<\/p>\n<p>A pie&nbsp;&nbsp;&nbsp;&nbsp;&nbsp;&nbsp;&nbsp;&nbsp;&nbsp;&nbsp;&nbsp;&nbsp;&nbsp;&nbsp;&nbsp;&nbsp;&nbsp;&nbsp;&nbsp;&nbsp;&nbsp;&nbsp;&nbsp;&nbsp;&nbsp;&nbsp;&nbsp;&nbsp;&nbsp;&nbsp;&nbsp;&nbsp;&nbsp;&nbsp;&nbsp;&nbsp;&nbsp;&nbsp;&nbsp; 9 %<\/p>\n<p>Taxi&nbsp;&nbsp;&nbsp;&nbsp;&nbsp;&nbsp;&nbsp;&nbsp;&nbsp;&nbsp;&nbsp;&nbsp;&nbsp;&nbsp;&nbsp;&nbsp;&nbsp;&nbsp;&nbsp;&nbsp;&nbsp;&nbsp;&nbsp;&nbsp;&nbsp;&nbsp;&nbsp;&nbsp;&nbsp;&nbsp;&nbsp;&nbsp;&nbsp;&nbsp;&nbsp;&nbsp;&nbsp;&nbsp;&nbsp;&nbsp; 9 %<\/p>\n<p>Bicicleta&nbsp;&nbsp;&nbsp;&nbsp;&nbsp;&nbsp;&nbsp;&nbsp;&nbsp;&nbsp;&nbsp;&nbsp;&nbsp;&nbsp;&nbsp;&nbsp;&nbsp;&nbsp;&nbsp;&nbsp;&nbsp;&nbsp;&nbsp;&nbsp;&nbsp;&nbsp;&nbsp;&nbsp;&nbsp;&nbsp;&nbsp;&nbsp;&nbsp;&nbsp;&nbsp; 4 %<\/p>\n<p>Pirata (mototaxi, motocarro)&nbsp;&nbsp;&nbsp;&nbsp;&nbsp;&nbsp;&nbsp;&nbsp;&nbsp;&nbsp;&nbsp;&nbsp;&nbsp;&nbsp;&nbsp; 2 %<\/p>\n<p>&nbsp;<\/p>\n<p><strong>Informe completo: <a href=\"http:\/\/www.cccucuta.org.co\">http:\/\/www.cccucuta.org.co<\/a><\/strong><\/p>\n<p><strong>&nbsp;<\/strong><\/p>\n<p>&nbsp; <\/p>\n","protected":false},"excerpt":{"rendered":"<p>C\u00daCUTA.- Mientras el 49 por ciento de los cucute\u00f1os consider\u00f3 que la ciudad va por buen camino, el 34 por ciento se siente inseguro en su barrio. Las respuestas corresponden a la encuesta de percepci\u00f3n ciudadana \u2018C\u00facuta c\u00f3mo vamos\u2019, que lidera la C\u00e1mara de Comercio, y mide la calidad de vida en el 2016. &nbsp;La &hellip;<\/p>\n","protected":false},"author":1,"featured_media":29574,"comment_status":"open","ping_status":"open","sticky":false,"template":"","format":"standard","meta":{"footnotes":""},"categories":[4,6],"tags":[375,3550],"class_list":["post-29573","post","type-post","status-publish","format-standard","has-post-thumbnail","hentry","category-barra","category-ojo-avizor","tag-camara-de-comercio-de-cucuta","tag-encuesta-cucuta-como-vamos"],"_links":{"self":[{"href":"https:\/\/contraluzcucuta.co\/index.php?rest_route=\/wp\/v2\/posts\/29573","targetHints":{"allow":["GET"]}}],"collection":[{"href":"https:\/\/contraluzcucuta.co\/index.php?rest_route=\/wp\/v2\/posts"}],"about":[{"href":"https:\/\/contraluzcucuta.co\/index.php?rest_route=\/wp\/v2\/types\/post"}],"author":[{"embeddable":true,"href":"https:\/\/contraluzcucuta.co\/index.php?rest_route=\/wp\/v2\/users\/1"}],"replies":[{"embeddable":true,"href":"https:\/\/contraluzcucuta.co\/index.php?rest_route=%2Fwp%2Fv2%2Fcomments&post=29573"}],"version-history":[{"count":1,"href":"https:\/\/contraluzcucuta.co\/index.php?rest_route=\/wp\/v2\/posts\/29573\/revisions"}],"predecessor-version":[{"id":29575,"href":"https:\/\/contraluzcucuta.co\/index.php?rest_route=\/wp\/v2\/posts\/29573\/revisions\/29575"}],"wp:featuredmedia":[{"embeddable":true,"href":"https:\/\/contraluzcucuta.co\/index.php?rest_route=\/wp\/v2\/media\/29574"}],"wp:attachment":[{"href":"https:\/\/contraluzcucuta.co\/index.php?rest_route=%2Fwp%2Fv2%2Fmedia&parent=29573"}],"wp:term":[{"taxonomy":"category","embeddable":true,"href":"https:\/\/contraluzcucuta.co\/index.php?rest_route=%2Fwp%2Fv2%2Fcategories&post=29573"},{"taxonomy":"post_tag","embeddable":true,"href":"https:\/\/contraluzcucuta.co\/index.php?rest_route=%2Fwp%2Fv2%2Ftags&post=29573"}],"curies":[{"name":"wp","href":"https:\/\/api.w.org\/{rel}","templated":true}]}}