{"id":29551,"date":"2017-03-19T20:04:18","date_gmt":"2017-03-20T01:04:18","guid":{"rendered":"http:\/\/contraluzcucuta.co\/?p=29551"},"modified":"2017-03-19T20:04:18","modified_gmt":"2017-03-20T01:04:18","slug":"notas-al-margen-sugerencias-para-integrar-mas-las-fronteras","status":"publish","type":"post","link":"https:\/\/contraluzcucuta.co\/?p=29551","title":{"rendered":"NOTAS AL MARGEN. Sugerencias para integrar m\u00e1s a las fronteras"},"content":{"rendered":"<p>Son tantos e importantes los requerimientos que para el progreso y el avance de las regiones de frontera son indispensables promover y conseguir que una primaria y objetiva valoraci\u00f3n de realidades permite identificar los siguientes pasos y necesidades administrativas para coordinar y manejar estudios, propuestas, aportes y auxilios que deben otorgarse a estas fajas territoriales, que sintetizan y representan el 53 por ciento del&nbsp; territorio nacional:<\/p>\n<p>1.- Creaci\u00f3n del Ministerio de Fronteras, la Junta Administradora de Fronteras, la&nbsp; Contralor\u00eda&nbsp; de Fronteras y el Centro del Pensamiento Fronterizo, como pilares y fundamento de lo que se quiere y anhela estructurar integralmente.<\/p>\n<p>\u00bfPor qu\u00e9 y para qu\u00e9? Porque las fronteras necesitan un enfoque y gesti\u00f3n que consulten el aut\u00e9ntico inter\u00e9s de armonizaci\u00f3n, desarrollo y equilibrio&nbsp; nacional que las impulse,&nbsp; proyecte y dote de verdaderos incentivos, est\u00edmulos y mecanismos generadores de progreso, dado el marginamiento y abandono que registran &#8211; como se ha denunciado por sus pobladores &#8211;&nbsp; y sin que se consideren y eval\u00faen sus potencialidades y posibilidades en lo agr\u00edcola, ganadero&nbsp; y producci\u00f3n en general, dadas &nbsp;la ubicaci\u00f3n, caracter\u00edsticas y condiciones que no han sido estudiadas y cabalmente proyectadas como se ha solicitado reiteradamente.<\/p>\n<p>2.- Formaci\u00f3n de una red&nbsp; de intercomunicaciones que permita la conexi\u00f3n y el contacto con la naci\u00f3n y su aproximaci\u00f3n y complementaci\u00f3n con las naciones vecinas y el mundo. Es conveniente priorizar la aproximaci\u00f3n y la vinculaci\u00f3n vial, no solo en las carreteras,&nbsp; sino en lo&nbsp; a\u00e9reo y f\u00e9rreo, considerando que lo indispensable y trascendente radica en obtener y conjugar labores que impulsen y promuevan transformantes iniciativas y empe\u00f1os de beneficio nacional y proyecci\u00f3n internacional.<\/p>\n<p>3.- Atender las necesidades en los servicios b\u00e1sicos, mediante acuerdos y reglamentaciones que consulten el resultado de estudios y evaluaciones concernientes a salud, educaci\u00f3n, trabajo y lo prioritario al agua, gas, petr\u00f3leo, explotaci\u00f3n de recursos y relaciones con los pa\u00edses vecinos.<\/p>\n<p>4.- Promover en universidades y centros docentes el desarrollo de estudios y evaluaciones relacionados con la realidad y las perspectivas de las zonas fronterizas de Colombia, mediante programas, planes y concursos con incentivos y est\u00edmulos.<\/p>\n<p>5.- Solicitar al Gobierno y al Congreso la favorabilidad y la conveniencia de estudiar estas sugerencias y las complementarias, que se formulen con el fin de obtener la integraci\u00f3n de Colombia, de las fajas territoriales fronterizas y promover con una unidad demostrable y un mayor progreso de la patria. Sumar al progreso de Colombia cuanto suceda en las fronteras es un reto impostergable y una noci\u00f3n de hermandad y solidaridad, con todos sus pobladores.<\/p>\n<p><strong>JOSE NEIRA REY<\/strong><\/p>\n<p><a href=\"mailto:jneirarey@hotmail.com\">jneirarey@hotmail.com<\/a> <\/p>\n","protected":false},"excerpt":{"rendered":"<p>Son tantos e importantes los requerimientos que para el progreso y el avance de las regiones de frontera son indispensables promover y conseguir que una primaria y objetiva valoraci\u00f3n de realidades permite identificar los siguientes pasos y necesidades administrativas para coordinar y manejar estudios, propuestas, aportes y auxilios que deben otorgarse a estas fajas territoriales, &hellip;<\/p>\n","protected":false},"author":1,"featured_media":29552,"comment_status":"open","ping_status":"open","sticky":false,"template":"","format":"standard","meta":{"footnotes":""},"categories":[14],"tags":[2749,578,382,956],"class_list":["post-29551","post","type-post","status-publish","format-standard","has-post-thumbnail","hentry","category-articulistas","tag-articulistas-contraluz","tag-frontera-colombo-venezolana","tag-jose-neira","tag-notas-al-margen"],"_links":{"self":[{"href":"https:\/\/contraluzcucuta.co\/index.php?rest_route=\/wp\/v2\/posts\/29551","targetHints":{"allow":["GET"]}}],"collection":[{"href":"https:\/\/contraluzcucuta.co\/index.php?rest_route=\/wp\/v2\/posts"}],"about":[{"href":"https:\/\/contraluzcucuta.co\/index.php?rest_route=\/wp\/v2\/types\/post"}],"author":[{"embeddable":true,"href":"https:\/\/contraluzcucuta.co\/index.php?rest_route=\/wp\/v2\/users\/1"}],"replies":[{"embeddable":true,"href":"https:\/\/contraluzcucuta.co\/index.php?rest_route=%2Fwp%2Fv2%2Fcomments&post=29551"}],"version-history":[{"count":1,"href":"https:\/\/contraluzcucuta.co\/index.php?rest_route=\/wp\/v2\/posts\/29551\/revisions"}],"predecessor-version":[{"id":29553,"href":"https:\/\/contraluzcucuta.co\/index.php?rest_route=\/wp\/v2\/posts\/29551\/revisions\/29553"}],"wp:featuredmedia":[{"embeddable":true,"href":"https:\/\/contraluzcucuta.co\/index.php?rest_route=\/wp\/v2\/media\/29552"}],"wp:attachment":[{"href":"https:\/\/contraluzcucuta.co\/index.php?rest_route=%2Fwp%2Fv2%2Fmedia&parent=29551"}],"wp:term":[{"taxonomy":"category","embeddable":true,"href":"https:\/\/contraluzcucuta.co\/index.php?rest_route=%2Fwp%2Fv2%2Fcategories&post=29551"},{"taxonomy":"post_tag","embeddable":true,"href":"https:\/\/contraluzcucuta.co\/index.php?rest_route=%2Fwp%2Fv2%2Ftags&post=29551"}],"curies":[{"name":"wp","href":"https:\/\/api.w.org\/{rel}","templated":true}]}}