{"id":29541,"date":"2017-03-18T10:58:40","date_gmt":"2017-03-18T15:58:40","guid":{"rendered":"http:\/\/contraluzcucuta.co\/?p=29541"},"modified":"2017-03-18T10:58:40","modified_gmt":"2017-03-18T15:58:40","slug":"mineducacion-en-cucuta-las-ilusiones-de-la-region-viajaron-en-maleta-para-bogota","status":"publish","type":"post","link":"https:\/\/contraluzcucuta.co\/?p=29541","title":{"rendered":"MINEDUCACI\u00d3N EN C\u00daCUTA. Las ilusiones de la regi\u00f3n viajaron en maleta para Bogot\u00e1"},"content":{"rendered":"<p><strong>C\u00daCUTA.-<\/strong> La ministra de Educaci\u00f3n, Yaneth Giha Tovar, vino a C\u00facuta este fin de semana y cumpli\u00f3 una diversidad de actividades. Presidi\u00f3 el segundo Consejo Superior de la Universidad de Pamplona, habl\u00f3 de las condiciones para el concurso especial de maestros en zona de conflicto, escuch\u00f3 sobre el proyecto de construir la ciudadela universitaria para El Catatumbo, recorri\u00f3 el sector de San Fernando del Rodeo en b\u00fasqueda de ni\u00f1os y adolescentes para llevarlos a la escuela y regres\u00f3 a Bogot\u00e1.<\/p>\n<p>En la maleta carg\u00f3 las ilusiones de la regi\u00f3n y las expondr\u00e1 ante los jefes en la capital del pa\u00eds para ver que tan viables resultan. Entre tanto, en Norte de Santander se mantendr\u00e1n vivas las esperanzas de ver concretadas esas ideas plasmadas en documentos.<\/p>\n<p><strong>1.- Consejo Superior de la Universidad de Pamplona<\/strong><\/p>\n<p>La Universidad debe iniciar el proceso que mejore la calidad y ojal\u00e1 la acreditaci\u00f3n de por lo menos el 25 por ciento de los programas, para que pueda avanzar en la acreditaci\u00f3n institucional. \u201cLo que queremos es que los 20.000 j\u00f3venes que estudian en el establecimiento educativo, gocen de la mejor formaci\u00f3n posible\u201d: Yaneth Giha Tovar, ministra de Educaci\u00f3n.<\/p>\n<p>Para el 2019, 13 programas &nbsp;deben contar con acreditaci\u00f3n, de lo contrario, la Universidad tendr\u00e1 dificultades, porque no ser\u00e1 acreditada en alta calidad y no podr\u00e1 seguir en funcionamiento.<\/p>\n<p>En seis meses, el Ministerio de Educaci\u00f3n volver\u00e1 a presidir el Consejo Superior de la Universidad de Pamplona y evaluar\u00e1 los avances y las metas que deben cumplirse para lograr la oferta educativa de calidad.<\/p>\n<p><strong>2.- Maestros para El Catatumbo <\/strong><\/p>\n<p>El proceso de nombramiento de 991 docentes para las 42 instituciones de El Catatumbo fue suspendido el 23 de enero. De eso le habl\u00f3 el gobernador William Villamizar a la ministra Yaneth Giha Tovar. Le record\u00f3 el avance en la legalizaci\u00f3n del Decreto Ley, mediante el cual se expiden las condiciones para el concurso especial de maestros en zona de conflicto.<\/p>\n<p>Se necesita una autorizaci\u00f3n para que el concurso sea regional y con experiencia en la zona. El Ministerio tiene el Decreto Ley estructurado. \u201cNos dicen que, posiblemente, no es necesario que surta el tr\u00e1mite completo por el Congreso de la Rep\u00fablica. Si es as\u00ed, lo podr\u00edamos tener listo el pr\u00f3ximo mes\u201d: Villamizar Laguado.<\/p>\n<p>La ministra fue alertada acerca de que Asinort organiza un cese de actividades para el primero de mayo, si no est\u00e1 resuelto el proceso de la planta de El Catatumbo.<\/p>\n<p>La respuesta de Giha Tovar fue que \u201cestamos trabajando juntos -Gobernaci\u00f3n y Ministerio de Educaci\u00f3n- para resolver este tema que es de la mayor importancia para la formaci\u00f3n en El Catatumbo\u201d.<\/p>\n<p><strong>3.- Proyecto para construir la ciudadela universitaria para El Catatumbo<\/strong><\/p>\n<p>La iniciativa de ofrecer formaci\u00f3n superior con calidad a los habitantes de los municipios de El Catatumbo es importante, reaccion\u00f3 la ministra &nbsp;al conocer la idea de contar con la ciudadela universitaria y el centro experimental productivo en esa regi\u00f3n.<\/p>\n<p>\u201cTodo lo que podamos hacer para generar mecanismos y estrategias para que esta zona goce con mejor calidad de educaci\u00f3n es bienvenida. Hay propuestas que est\u00e1n andando y que ojal\u00e1 las podamos materializar en corto tiempo\u201d: Giha Tovar.<\/p>\n<p>La Gobernaci\u00f3n y las universidades regionales terminar\u00e1n de estructurar el proyecto para que, a m\u00e1s tardar la pr\u00f3xima semana, sea radicado ante el Viceministerio de Educaci\u00f3n Superior, para recibir asesor\u00eda y apoyo en su materializaci\u00f3n.<\/p>\n<p><strong>4.- M\u00e1s ni\u00f1os a las aulas<\/strong><\/p>\n<p>La ministra Yaneth Giha recorri\u00f3 el sector de San Fernando del Rodeo (C\u00facuta) en b\u00fasqueda de ni\u00f1os y adolescentes para llevarlos a las escuelas. La jornada de escolarizaci\u00f3n y lineamiento, del Ministerio de Educaci\u00f3n, busca que los menores de edad reciban formaci\u00f3n acad\u00e9mica.<\/p>\n<p>\u201cVisito a C\u00facuta con el prop\u00f3sito de conocer las fortalezas y las debilidades en el municipio en materia de educaci\u00f3n. El objetivo primordial es que en el pa\u00eds los ni\u00f1os deben estudiar, as\u00ed correspondan a otra nacionalidad, pero que tengan presencia en Colombia\u201d: Giha Tovar.<\/p>\n<p>El alcalde C\u00e9sar Rojas dijo que revisaron el biling\u00fcismo y el incremento de nativos en la ciudad, la consecuci\u00f3n de recursos para complementar el Programa de Alimentaci\u00f3n Escolar y la jornada casa a casa, en El Rodeo, donde focalizaron 180 estudiantes nuevos.<\/p>\n<p>En la ciudad hay 108.000 ni\u00f1os escolarizados y la meta es llegar a los 110.000 establecidos por el Ministerio para el Municipio.<\/p>\n<p>&nbsp; <\/p>\n","protected":false},"excerpt":{"rendered":"<p>C\u00daCUTA.- La ministra de Educaci\u00f3n, Yaneth Giha Tovar, vino a C\u00facuta este fin de semana y cumpli\u00f3 una diversidad de actividades. Presidi\u00f3 el segundo Consejo Superior de la Universidad de Pamplona, habl\u00f3 de las condiciones para el concurso especial de maestros en zona de conflicto, escuch\u00f3 sobre el proyecto de construir la ciudadela universitaria para &hellip;<\/p>\n","protected":false},"author":1,"featured_media":29542,"comment_status":"open","ping_status":"open","sticky":false,"template":"","format":"standard","meta":{"footnotes":""},"categories":[4,6],"tags":[2733,2800,2182,3540],"class_list":["post-29541","post","type-post","status-publish","format-standard","has-post-thumbnail","hentry","category-barra","category-ojo-avizor","tag-alcalde-cesar-rojas","tag-gobernador-william-villamizar","tag-ministra-de-educacion-de-colombia","tag-yaneth-giha-tovar"],"_links":{"self":[{"href":"https:\/\/contraluzcucuta.co\/index.php?rest_route=\/wp\/v2\/posts\/29541","targetHints":{"allow":["GET"]}}],"collection":[{"href":"https:\/\/contraluzcucuta.co\/index.php?rest_route=\/wp\/v2\/posts"}],"about":[{"href":"https:\/\/contraluzcucuta.co\/index.php?rest_route=\/wp\/v2\/types\/post"}],"author":[{"embeddable":true,"href":"https:\/\/contraluzcucuta.co\/index.php?rest_route=\/wp\/v2\/users\/1"}],"replies":[{"embeddable":true,"href":"https:\/\/contraluzcucuta.co\/index.php?rest_route=%2Fwp%2Fv2%2Fcomments&post=29541"}],"version-history":[{"count":1,"href":"https:\/\/contraluzcucuta.co\/index.php?rest_route=\/wp\/v2\/posts\/29541\/revisions"}],"predecessor-version":[{"id":29543,"href":"https:\/\/contraluzcucuta.co\/index.php?rest_route=\/wp\/v2\/posts\/29541\/revisions\/29543"}],"wp:featuredmedia":[{"embeddable":true,"href":"https:\/\/contraluzcucuta.co\/index.php?rest_route=\/wp\/v2\/media\/29542"}],"wp:attachment":[{"href":"https:\/\/contraluzcucuta.co\/index.php?rest_route=%2Fwp%2Fv2%2Fmedia&parent=29541"}],"wp:term":[{"taxonomy":"category","embeddable":true,"href":"https:\/\/contraluzcucuta.co\/index.php?rest_route=%2Fwp%2Fv2%2Fcategories&post=29541"},{"taxonomy":"post_tag","embeddable":true,"href":"https:\/\/contraluzcucuta.co\/index.php?rest_route=%2Fwp%2Fv2%2Ftags&post=29541"}],"curies":[{"name":"wp","href":"https:\/\/api.w.org\/{rel}","templated":true}]}}