{"id":29538,"date":"2017-03-18T09:48:09","date_gmt":"2017-03-18T14:48:09","guid":{"rendered":"http:\/\/contraluzcucuta.co\/?p=29538"},"modified":"2017-03-18T09:48:09","modified_gmt":"2017-03-18T14:48:09","slug":"visita-oficial-magia-y-cultura-en-la-zona-veredal-transitoria","status":"publish","type":"post","link":"https:\/\/contraluzcucuta.co\/?p=29538","title":{"rendered":"VISITA OFICIAL. Magia y cultura en la zona veredal transitoria"},"content":{"rendered":"<p><strong>CA\u00d1O INDIO \u2013 Tib\u00fa.-<\/strong> Ni\u00f1os, j\u00f3venes y adultos de Ca\u00f1o Indio (Tib\u00fa) disfrutaron con la magia y los actos de cultura ofrecidos por la Secretar\u00eda de Cultura Departamental durante oficial a la&nbsp; Zona Veredal Transitoria de Normalizaci\u00f3n.&nbsp; La BiblioRueda foment\u00f3 la lectura, mientras los peque\u00f1os gozaban con los pintacaritas, la globoflexia, los t\u00edteres y la pantomima.<\/p>\n<p>La poblaci\u00f3n infantil recibi\u00f3 guitarras, flautas y panderetas, instrumentos con los que se fomentar\u00e1n la m\u00fasica y el arte. Anderson Quintero, docente de la escuela El Taladro tiene a cargo 16 ni\u00f1os de las veredas El Mirador y Ca\u00f1o Indio. Al final del acto mostr\u00f3 satisfacci\u00f3n por los elementos recibidos y recalc\u00f3 la importancia de inculcar la cultura en el proceso educativo.<\/p>\n<p>La Gobernaci\u00f3n contratar\u00e1 formadores para las zonas rurales, cofinanciados por el municipio, y la entrega de una dotaci\u00f3n para el \u00e1rea de cinematograf\u00eda. Los implementos est\u00e1n listos para la entrega.<\/p>\n<p>Los ni\u00f1os de las veredas El Taladro, Ca\u00f1o Indio, El Progreso y Vetas Central, en la zona rural de Tib\u00fa, tendr\u00e1n \u00fatiles escolares nuevos para asistir a clases. El morral entregado por &nbsp;la gestora social Cecilia Soler contiene cuadernos, colores, temperas, blocs, l\u00e1pices, sacapuntas y regla.<\/p>\n<p>Se donaron 200 paquetes educativos que permitir\u00e1n a los menores de edad continuar con las clases y asistir a la escuela con lo necesario, para fin de evitar la deserci\u00f3n escolar. El objetivo para este a\u00f1o es entregar \u00fatiles en la zona de El Catatumbo por intermedio de la Campa\u00f1a \u2018Todos a Estudiar\u2019. Los paquetes escolares se han llevado a Convenci\u00f3n, El Carmen, La Playa, Teorama y Hacar\u00ed.<\/p>\n<p>A la par de las entregas se llevan a cabo brigadas de salud para permitirles a los ni\u00f1os acceder a los programas de vacunaci\u00f3n, odontolog\u00eda, consulta m\u00e9dica general y valoraci\u00f3n de talla, peso y crecimiento.<\/p>\n<p>Los pobladores de la zona rural de Tib\u00fa se beneficiaron con los servicios m\u00e9dicos. Ciento cincuenta habitantes de las veredas El Taladro y Ca\u00f1o Indio participaron en la jornada de salud.<\/p>\n<p>Al terminar la visita las familias regresaron a casa con un paquete de aseo, mercados y carne empacada al vac\u00edo.<\/p>\n<p>Camino a la Zona Veredal Transitoria los 563 estudiantes del Centro Educativo Rural (CER) La Serpentina recibieron el mobiliario requerido para continuar la preparaci\u00f3n acad\u00e9mica. La dotaci\u00f3n consta de 20 pupitres universitarios, 20 sillas y 36 mesas trapezoidales con 108 sillas. &nbsp;La entrega se cumpli\u00f3 en la sede El Taladro.<\/p>\n<p>La Secretar\u00eda de Educaci\u00f3n respondi\u00f3 a las inquietudes de los padres de familia y la comunidad acerca de la contrataci\u00f3n de los maestros para cada sede en el sector. <\/p>\n","protected":false},"excerpt":{"rendered":"<p>CA\u00d1O INDIO \u2013 Tib\u00fa.- Ni\u00f1os, j\u00f3venes y adultos de Ca\u00f1o Indio (Tib\u00fa) disfrutaron con la magia y los actos de cultura ofrecidos por la Secretar\u00eda de Cultura Departamental durante oficial a la&nbsp; Zona Veredal Transitoria de Normalizaci\u00f3n.&nbsp; La BiblioRueda foment\u00f3 la lectura, mientras los peque\u00f1os gozaban con los pintacaritas, la globoflexia, los t\u00edteres y la &hellip;<\/p>\n","protected":false},"author":1,"featured_media":29539,"comment_status":"open","ping_status":"open","sticky":false,"template":"","format":"standard","meta":{"footnotes":""},"categories":[4,2630],"tags":[3134,379,3539],"class_list":["post-29538","post","type-post","status-publish","format-standard","has-post-thumbnail","hentry","category-barra","category-gobernacion","tag-cano-indio-tibu","tag-gobernacion-de-norte-de-santander","tag-zona-veredal-transitoria"],"_links":{"self":[{"href":"https:\/\/contraluzcucuta.co\/index.php?rest_route=\/wp\/v2\/posts\/29538","targetHints":{"allow":["GET"]}}],"collection":[{"href":"https:\/\/contraluzcucuta.co\/index.php?rest_route=\/wp\/v2\/posts"}],"about":[{"href":"https:\/\/contraluzcucuta.co\/index.php?rest_route=\/wp\/v2\/types\/post"}],"author":[{"embeddable":true,"href":"https:\/\/contraluzcucuta.co\/index.php?rest_route=\/wp\/v2\/users\/1"}],"replies":[{"embeddable":true,"href":"https:\/\/contraluzcucuta.co\/index.php?rest_route=%2Fwp%2Fv2%2Fcomments&post=29538"}],"version-history":[{"count":1,"href":"https:\/\/contraluzcucuta.co\/index.php?rest_route=\/wp\/v2\/posts\/29538\/revisions"}],"predecessor-version":[{"id":29540,"href":"https:\/\/contraluzcucuta.co\/index.php?rest_route=\/wp\/v2\/posts\/29538\/revisions\/29540"}],"wp:featuredmedia":[{"embeddable":true,"href":"https:\/\/contraluzcucuta.co\/index.php?rest_route=\/wp\/v2\/media\/29539"}],"wp:attachment":[{"href":"https:\/\/contraluzcucuta.co\/index.php?rest_route=%2Fwp%2Fv2%2Fmedia&parent=29538"}],"wp:term":[{"taxonomy":"category","embeddable":true,"href":"https:\/\/contraluzcucuta.co\/index.php?rest_route=%2Fwp%2Fv2%2Fcategories&post=29538"},{"taxonomy":"post_tag","embeddable":true,"href":"https:\/\/contraluzcucuta.co\/index.php?rest_route=%2Fwp%2Fv2%2Ftags&post=29538"}],"curies":[{"name":"wp","href":"https:\/\/api.w.org\/{rel}","templated":true}]}}