{"id":29529,"date":"2017-03-17T18:32:16","date_gmt":"2017-03-17T23:32:16","guid":{"rendered":"http:\/\/contraluzcucuta.co\/?p=29529"},"modified":"2017-03-17T18:42:41","modified_gmt":"2017-03-17T23:42:41","slug":"unipamplona-cuarto-encuentro-sostenible","status":"publish","type":"post","link":"https:\/\/contraluzcucuta.co\/?p=29529","title":{"rendered":"UNIPAMPLONA. Cuarto encuentro &#8216;Sostenible&#8217;"},"content":{"rendered":"<p>El cuarto Encuentro &#8216;Sostenible&#8217;, ser\u00e1 un espacio para la investigaci\u00f3n y el desarrollo, que se llevar\u00e1 a cabo el 31 de marzo, a las 9:00 de la ma\u00f1ana, en el auditorio de la Torre del reloj. La&nbsp; entrada ser\u00e1 gratuita.<\/p>\n<p>Los temas que se tratar\u00e1n son los siguientes:<\/p>\n<p>1.- El discurso de la paz en los medios de comunicaci\u00f3n de frontera.<\/p>\n<p>2.- La paz, eje trasversal en el desarrollo de la comunidad cmapesina del departamento.<\/p>\n<p>3.- pol\u00edticas p\u00fablicas del departamento enfocadas a la construcci\u00f3n de escenarios de paz.<\/p>\n<p>&nbsp;<\/p>\n<p>&nbsp; <\/p>\n","protected":false},"excerpt":{"rendered":"<p>El cuarto Encuentro &#8216;Sostenible&#8217;, ser\u00e1 un espacio para la investigaci\u00f3n y el desarrollo, que se llevar\u00e1 a cabo el 31 de marzo, a las 9:00 de la ma\u00f1ana, en el auditorio de la Torre del reloj. La&nbsp; entrada ser\u00e1 gratuita. Los temas que se tratar\u00e1n son los siguientes: 1.- El discurso de la paz en &hellip;<\/p>\n","protected":false},"author":1,"featured_media":29530,"comment_status":"open","ping_status":"open","sticky":false,"template":"","format":"standard","meta":{"footnotes":""},"categories":[45],"tags":[2943],"class_list":["post-29529","post","type-post","status-publish","format-standard","has-post-thumbnail","hentry","category-destacado","tag-aula-universitaria-universidad-de-pamplona"],"_links":{"self":[{"href":"https:\/\/contraluzcucuta.co\/index.php?rest_route=\/wp\/v2\/posts\/29529","targetHints":{"allow":["GET"]}}],"collection":[{"href":"https:\/\/contraluzcucuta.co\/index.php?rest_route=\/wp\/v2\/posts"}],"about":[{"href":"https:\/\/contraluzcucuta.co\/index.php?rest_route=\/wp\/v2\/types\/post"}],"author":[{"embeddable":true,"href":"https:\/\/contraluzcucuta.co\/index.php?rest_route=\/wp\/v2\/users\/1"}],"replies":[{"embeddable":true,"href":"https:\/\/contraluzcucuta.co\/index.php?rest_route=%2Fwp%2Fv2%2Fcomments&post=29529"}],"version-history":[{"count":3,"href":"https:\/\/contraluzcucuta.co\/index.php?rest_route=\/wp\/v2\/posts\/29529\/revisions"}],"predecessor-version":[{"id":29534,"href":"https:\/\/contraluzcucuta.co\/index.php?rest_route=\/wp\/v2\/posts\/29529\/revisions\/29534"}],"wp:featuredmedia":[{"embeddable":true,"href":"https:\/\/contraluzcucuta.co\/index.php?rest_route=\/wp\/v2\/media\/29530"}],"wp:attachment":[{"href":"https:\/\/contraluzcucuta.co\/index.php?rest_route=%2Fwp%2Fv2%2Fmedia&parent=29529"}],"wp:term":[{"taxonomy":"category","embeddable":true,"href":"https:\/\/contraluzcucuta.co\/index.php?rest_route=%2Fwp%2Fv2%2Fcategories&post=29529"},{"taxonomy":"post_tag","embeddable":true,"href":"https:\/\/contraluzcucuta.co\/index.php?rest_route=%2Fwp%2Fv2%2Ftags&post=29529"}],"curies":[{"name":"wp","href":"https:\/\/api.w.org\/{rel}","templated":true}]}}