{"id":29484,"date":"2017-03-11T14:50:49","date_gmt":"2017-03-11T19:50:49","guid":{"rendered":"http:\/\/contraluzcucuta.co\/?p=29484"},"modified":"2017-03-11T14:50:49","modified_gmt":"2017-03-11T19:50:49","slug":"visita-papal-es-indescriptible-lo-que-se-siente-y-se-vive","status":"publish","type":"post","link":"https:\/\/contraluzcucuta.co\/?p=29484","title":{"rendered":"VISITA PAPAL. Es indescriptible lo que se siente y se vive"},"content":{"rendered":"<p><strong>C\u00daCUTA.-<\/strong> El Nuncio Apost\u00f3lico, Monse\u00f1or Ettore Balestrero, confirm\u00f3 la visita apost\u00f3lica del papa Francisco a Colombia. Del 6 al 10 de septiembre, estar\u00e1 en Bogot\u00e1, Villavicencio, Medell\u00edn y Cartagena. El viaje tendr\u00e1 como \u00fanico destino a Colombia y durar\u00e1 4 d\u00edas. \u201cEs raro que el Papa visite solo un pa\u00eds y que, incluso, se detenga all\u00ed 4 d\u00edas. Esto manifiesta la importancia que Francisco le atribuye a este viaje y, en el fondo, a Colombia\u201d.<\/p>\n<p>\u00a1Demos el primer paso! Es el lema que la Conferencia Episcopal de Colombia ha propuesto. La imagen oficial est\u00e1 compuesta de los colores precolombinos de la bandera que simbolizan un mundo lleno de alegr\u00eda y paz \u201cdispongamos el coraz\u00f3n para dar el primer paso\u201d.<\/p>\n<p>En C\u00facuta la noticia caus\u00f3 alegr\u00eda en el clero. \u201cEs un hecho importante, sobre todo, teniendo en cuenta las condiciones en las que est\u00e1 el pa\u00eds\u201d, dijo el padre Carlos Escalante, director del Centro de Comunicaciones de la Di\u00f3cesis. Colombia est\u00e1 necesitada de paz y de reconciliaci\u00f3n.<\/p>\n<p>El sacerdote asegur\u00f3 que esta ser\u00e1 la oportunidad para mejorar en diversos aspectos, entre los que enumer\u00f3 la sociedad, la familia, las condiciones de vida. \u201cLa visita trae mucha esperanza para el pa\u00eds\u201d, afirm\u00f3.<\/p>\n<p>Los viajes de su santidad est\u00e1n orientados a sembrar esperanza en los pueblos a los que llega con el mensaje y que est\u00e1n afectados por la violencia, las cat\u00e1strofes, por situaciones sociales, econ\u00f3micas y pol\u00edticas. \u201cSe ve que el Papa sigue adelante con su cometido de hacer presente la misericordia de Dios\u201d.<\/p>\n<p>Francisco llegar\u00e1, dentro de seis meses, como signo del evangelio, como signo del amor del Padre que quiere que todos los hijos encuentren el camino de la salvaci\u00f3n y que se puedan experimentar mejores condiciones de justicia y de reconocimiento del otro. Ahora, \u201cdebemos vivir el evangelio como el deseo de seguir a Jesucristo\u201d.<\/p>\n<p>Colombia necesita un acontecimiento de esta naturaleza, en raz\u00f3n de que los colombianos desean la paz. \u201cEl pa\u00eds vive en medio de la injusticia que nos est\u00e1 llevando a vivir en p\u00e9simas condiciones de educaci\u00f3n, salud, desarrollo y progreso\u201d. La visita papal servir\u00e1 para confirmar aquel mensaje del episcopado, que ve con preocupaci\u00f3n estos asuntos.<\/p>\n<p>\u201cQu\u00e9 gran bendici\u00f3n que el Papa venga a nuestro pa\u00eds\u201d, fue la reacci\u00f3n de la hermana Gladys Tami Galvis, religiosa de la comunicaci\u00f3n social, al conocer la noticia. \u201cEs indescriptible lo que se siente y se vive\u201d, dijo alborozada por la posibilidad de tener a Su Santidad en cuatro ciudades colombianas.<\/p>\n<p>Sor Gladys invit\u00f3 a los creyentes cat\u00f3licos a preparar el coraz\u00f3n para recibir la bendici\u00f3n de Francisco y que \u201cde verdad nos haga cambiar y nos convierta en agentes de paz\u201d.<\/p>\n<p><strong>Afiche: PRENSA PRESIDENCIA DE LA REP\u00daBLICA<\/strong><\/p>\n<p>&nbsp;<\/p>\n<p>&nbsp;<\/p>\n<p>&nbsp; <\/p>\n","protected":false},"excerpt":{"rendered":"<p>C\u00daCUTA.- El Nuncio Apost\u00f3lico, Monse\u00f1or Ettore Balestrero, confirm\u00f3 la visita apost\u00f3lica del papa Francisco a Colombia. Del 6 al 10 de septiembre, estar\u00e1 en Bogot\u00e1, Villavicencio, Medell\u00edn y Cartagena. El viaje tendr\u00e1 como \u00fanico destino a Colombia y durar\u00e1 4 d\u00edas. \u201cEs raro que el Papa visite solo un pa\u00eds y que, incluso, se detenga &hellip;<\/p>\n","protected":false},"author":1,"featured_media":29485,"comment_status":"open","ping_status":"open","sticky":false,"template":"","format":"standard","meta":{"footnotes":""},"categories":[45,4],"tags":[2503,8,3529,3528],"class_list":["post-29484","post","type-post","status-publish","format-standard","has-post-thumbnail","hentry","category-destacado","category-barra","tag-conferencia-episcopal-colombiana","tag-diocesis-de-cucuta","tag-francisco","tag-visita-papal"],"_links":{"self":[{"href":"https:\/\/contraluzcucuta.co\/index.php?rest_route=\/wp\/v2\/posts\/29484","targetHints":{"allow":["GET"]}}],"collection":[{"href":"https:\/\/contraluzcucuta.co\/index.php?rest_route=\/wp\/v2\/posts"}],"about":[{"href":"https:\/\/contraluzcucuta.co\/index.php?rest_route=\/wp\/v2\/types\/post"}],"author":[{"embeddable":true,"href":"https:\/\/contraluzcucuta.co\/index.php?rest_route=\/wp\/v2\/users\/1"}],"replies":[{"embeddable":true,"href":"https:\/\/contraluzcucuta.co\/index.php?rest_route=%2Fwp%2Fv2%2Fcomments&post=29484"}],"version-history":[{"count":1,"href":"https:\/\/contraluzcucuta.co\/index.php?rest_route=\/wp\/v2\/posts\/29484\/revisions"}],"predecessor-version":[{"id":29486,"href":"https:\/\/contraluzcucuta.co\/index.php?rest_route=\/wp\/v2\/posts\/29484\/revisions\/29486"}],"wp:featuredmedia":[{"embeddable":true,"href":"https:\/\/contraluzcucuta.co\/index.php?rest_route=\/wp\/v2\/media\/29485"}],"wp:attachment":[{"href":"https:\/\/contraluzcucuta.co\/index.php?rest_route=%2Fwp%2Fv2%2Fmedia&parent=29484"}],"wp:term":[{"taxonomy":"category","embeddable":true,"href":"https:\/\/contraluzcucuta.co\/index.php?rest_route=%2Fwp%2Fv2%2Fcategories&post=29484"},{"taxonomy":"post_tag","embeddable":true,"href":"https:\/\/contraluzcucuta.co\/index.php?rest_route=%2Fwp%2Fv2%2Ftags&post=29484"}],"curies":[{"name":"wp","href":"https:\/\/api.w.org\/{rel}","templated":true}]}}