{"id":29481,"date":"2017-03-11T14:07:54","date_gmt":"2017-03-11T19:07:54","guid":{"rendered":"http:\/\/contraluzcucuta.co\/?p=29481"},"modified":"2017-03-11T14:07:54","modified_gmt":"2017-03-11T19:07:54","slug":"notas-al-margen-estamos-ante-un-silencio-complice","status":"publish","type":"post","link":"https:\/\/contraluzcucuta.co\/?p=29481","title":{"rendered":"NOTAS AL MARGEN. Estamos ante un silencio\u00a0c\u00f3mplice  \u00a0\u00a0\u00a0\u00a0\u00a0\u00a0\u00a0\u00a0\u00a0\u00a0\u00a0\u00a0\u00a0\u00a0\u00a0\u00a0\u00a0\u00a0\u00a0\u00a0\u00a0\u00a0\u00a0\u00a0\u00a0\u00a0\u00a0\u00a0\u00a0\u00a0\u00a0\u00a0\u00a0\u00a0\u00a0\u00a0\u00a0\u00a0\u00a0\u00a0\u00a0\u00a0\u00a0\u00a0\u00a0\u00a0\u00a0\u00a0\u00a0\u00a0\u00a0\u00a0\u00a0\u00a0\u00a0\u00a0\u00a0\u00a0\u00a0\u00a0\u00a0\u00a0\u00a0\u00a0\u00a0\u00a0\u00a0\u00a0\u00a0\u00a0\u00a0\u00a0\u00a0\u00a0\u00a0\u00a0\u00a0\u00a0\u00a0\u00a0\u00a0\u00a0\u00a0\u00a0\u00a0\u00a0\u00a0\u00a0\u00a0\u00a0\u00a0\u00a0\u00a0\u00a0\u00a0\u00a0\u00a0\u00a0\u00a0\u00a0\u00a0\u00a0\u00a0\u00a0\u00a0\u00a0\u00a0"},"content":{"rendered":"<p>1.-Cualquier observador de la situaci\u00f3n local, regional y fronteriza llega a la conclusi\u00f3n que hay, generalizada bilateralmente,&nbsp;apat\u00eda, indiferencia y pasividad que saturan el ambiente y afectan el deseo y el anhelo de trasformaci\u00f3n y cambio, porque no se capta una gesti\u00f3n asociativa, ni una invitaci\u00f3n a la interrelaci\u00f3n y a la labor compartida sobre iniciativas y proyectos generadores de empleo y aprovechamiento de los productos y las ventajas comparativas que poseemos.&nbsp;<\/p>\n<p>Adem\u00e1s, es incre\u00edble que a esta altura del cierre fronterizo -m\u00e1s de a\u00f1o y medio- no se haya designado una Comisi\u00f3n Extraordinaria y Especial para hallar las soluciones que en incentivos, est\u00edmulos, mecanismos y reglamentaciones se requieren. Ante esto, es ins\u00f3lito que los centros nacionales de Venezuela y Colombia permanezcan en &nbsp;silencio y sin captar la desocupaci\u00f3n y la inseguridad, y sus consecuencias, as\u00ed como&nbsp;el&nbsp;debilitamiento y el deterioro de la confraternidad por la carencia de di\u00e1logo, acuerdos y soluciones.&nbsp;&nbsp;&nbsp;&nbsp;<\/p>\n<p>2.- Lo m\u00e1s grave de esta&nbsp;&nbsp;situaci\u00f3n y de ese comportamiento generalizado en la pr\u00e1ctica es la ausencia de representatividad multisectorial y de n\u00facleos activos y diligentes a los que se les otorguen la necesaria&nbsp;&nbsp;presencia y participaci\u00f3n, porque eso no lo hallan en los partidos, ni en los grupos que han surgido, porque lo&nbsp;&nbsp;que trasciende es&nbsp;&nbsp;dominado ampliamente por los voceros de&nbsp;&nbsp;los agentes del Estado o por los actores&nbsp;&nbsp;grupistas de lo pol\u00edtico y lo econ\u00f3mico en temas y conceptos que estiman m\u00e1s necesarios y que cuidan y protegen con celo y constante dedicaci\u00f3n.<\/p>\n<p>Por eso, y porque en verdad no existe, pese a algunos repetidos intentos, un movimiento regional&nbsp;&nbsp;renovador y constructivo en procura de algo verdaderamente trasformador y productivo, la zona fronteriza &nbsp;no avanza, ni genera situaciones y hechos que den cabida a lo que se requiere, como lo constituye el crear conciencia y motivaci\u00f3n sobre la importancia de crear empleo, investigar, innovar, renovar&nbsp;&nbsp;y fomentar la asociaci\u00f3n y&nbsp;la&nbsp;labor en equipo, para romper la excesiva centralizaci\u00f3n y la conveniencia de una gesti\u00f3n administrativa con incentivos, est\u00edmulos y mecanismos aplicables&nbsp;&nbsp;al desarrollo.<\/p>\n<p>3.- \u00bfC\u00f3mo empezar? Incuestionablemente, convocando y ampliando la presencia y la participaci\u00f3n de los nuevos, s\u00ed de los estudiantes y de los hombres y las mujeres que se hallan en los comienzos, en los an\u00e1lisis y potenciales sobre lo nuestro, para que universitarios y estudiantes de uno y otro lado de la frontera se asocien, investiguen, innoven&nbsp;&nbsp;y deduzcan acciones por cumplir, para beneficio mutuo, porque las fronteras hay que entenderlas, m\u00e1s como uniones, que como separadores o l\u00edmites entre los pueblos. Si as\u00ed obramos y nos dedicamos con empe\u00f1o a buscar salidas y alternativas que convoquen el inter\u00e9s de emprendedores, analistas&nbsp;&nbsp;y visionarios, la especial y muy importante ubicaci\u00f3n geoestrat\u00e9gica que poseemos \u2013 por unir a Colombia y Venezuela, en la mitad del continente americano y entre el Atl\u00e1ntico y el Pac\u00edfico- nos llevar\u00e1 por obvias razones y fundamentos a propiciar estimulantes&nbsp;&nbsp;acercamientos y uniones, aprovechando nuestros productos y ventajas comparativas, al pensar laborar y proyectar en opciones y planes sobre lugares del planeta y con iniciativas impulsadoras de productividad y progreso.<\/p>\n<p>Es tan cr\u00edtica la situaci\u00f3n y tan grave y delicado lo existente en lo referido al intercambio y la realidad fronteriza, que el solo hecho de haber trascurrido m\u00e1s de a\u00f1o y medio sin tr\u00e1fico normal, sin movimientos aduaneros trascendentes y sin una comisi\u00f3n del m\u00e1s alto nivel y conocimientos sobre los pasos que se&nbsp;&nbsp;deben dar,&nbsp;&nbsp;demuestra clara y n\u00edtidamente lo poco que representamos ante el concierto de Colombia y Venezuela, cuando aqu\u00ed lo que se requiere y con car\u00e1cter urgente son opciones de progreso y desarrollo, que la dirigencia actuante&nbsp;en &nbsp;lo pol\u00edtico y&nbsp;la de &nbsp;los cargos y posiciones p\u00fablicas, no entienden, ni validan, y por eso el silencio c\u00f3mplice y la&nbsp;carencia de actividades y anuncios que estimulen la investigaci\u00f3n en universidades y centros docentes, a uno y otro lado de los l\u00edmites. S\u00ed hay un silencio c\u00f3mplice que nos compromete ante el futuro.&nbsp;&nbsp;&nbsp;<\/p>\n<p><strong>JOS\u00c9 NEIRA REY<\/strong><\/p>\n<p><strong>Foto: <a href=\"http:\/\/www.contraluzcuucta.co\">www.contraluzcuucta.co<\/a><\/strong><\/p>\n<p>&nbsp; <\/p>\n","protected":false},"excerpt":{"rendered":"<p>1.-Cualquier observador de la situaci\u00f3n local, regional y fronteriza llega a la conclusi\u00f3n que hay, generalizada bilateralmente,&nbsp;apat\u00eda, indiferencia y pasividad que saturan el ambiente y afectan el deseo y el anhelo de trasformaci\u00f3n y cambio, porque no se capta una gesti\u00f3n asociativa, ni una invitaci\u00f3n a la interrelaci\u00f3n y a la labor compartida sobre iniciativas &hellip;<\/p>\n","protected":false},"author":1,"featured_media":29482,"comment_status":"open","ping_status":"open","sticky":false,"template":"","format":"standard","meta":{"footnotes":""},"categories":[14,4],"tags":[2749,382,956],"class_list":["post-29481","post","type-post","status-publish","format-standard","has-post-thumbnail","hentry","category-articulistas","category-barra","tag-articulistas-contraluz","tag-jose-neira","tag-notas-al-margen"],"_links":{"self":[{"href":"https:\/\/contraluzcucuta.co\/index.php?rest_route=\/wp\/v2\/posts\/29481","targetHints":{"allow":["GET"]}}],"collection":[{"href":"https:\/\/contraluzcucuta.co\/index.php?rest_route=\/wp\/v2\/posts"}],"about":[{"href":"https:\/\/contraluzcucuta.co\/index.php?rest_route=\/wp\/v2\/types\/post"}],"author":[{"embeddable":true,"href":"https:\/\/contraluzcucuta.co\/index.php?rest_route=\/wp\/v2\/users\/1"}],"replies":[{"embeddable":true,"href":"https:\/\/contraluzcucuta.co\/index.php?rest_route=%2Fwp%2Fv2%2Fcomments&post=29481"}],"version-history":[{"count":1,"href":"https:\/\/contraluzcucuta.co\/index.php?rest_route=\/wp\/v2\/posts\/29481\/revisions"}],"predecessor-version":[{"id":29483,"href":"https:\/\/contraluzcucuta.co\/index.php?rest_route=\/wp\/v2\/posts\/29481\/revisions\/29483"}],"wp:featuredmedia":[{"embeddable":true,"href":"https:\/\/contraluzcucuta.co\/index.php?rest_route=\/wp\/v2\/media\/29482"}],"wp:attachment":[{"href":"https:\/\/contraluzcucuta.co\/index.php?rest_route=%2Fwp%2Fv2%2Fmedia&parent=29481"}],"wp:term":[{"taxonomy":"category","embeddable":true,"href":"https:\/\/contraluzcucuta.co\/index.php?rest_route=%2Fwp%2Fv2%2Fcategories&post=29481"},{"taxonomy":"post_tag","embeddable":true,"href":"https:\/\/contraluzcucuta.co\/index.php?rest_route=%2Fwp%2Fv2%2Ftags&post=29481"}],"curies":[{"name":"wp","href":"https:\/\/api.w.org\/{rel}","templated":true}]}}