{"id":29432,"date":"2017-03-01T20:38:20","date_gmt":"2017-03-02T01:38:20","guid":{"rendered":"http:\/\/contraluzcucuta.co\/?p=29432"},"modified":"2017-03-01T20:38:20","modified_gmt":"2017-03-02T01:38:20","slug":"liberacion-asociacion-de-municipios-celebra-regreso-casa-de-cristo-contreras","status":"publish","type":"post","link":"https:\/\/contraluzcucuta.co\/?p=29432","title":{"rendered":"LIBERACI\u00d3N. Asociaci\u00f3n de Municipios celebra regreso a casa de Cristo Contreras"},"content":{"rendered":"<p>Jos\u00e9 de Dios Toro Villegas, alcalde de El Tarra y presidente de la Asociaci\u00f3n de Municipios, expres\u00f3 alegr\u00eda en nombre de los 39 compa\u00f1eros de Norte de Santander, por la liberaci\u00f3n y regreso a casa de Cristo Humberto Contreras Uribe, padre del alcalde de El Carmen, Edwin Contreras Chinchilla.<\/p>\n<p>Rechaz\u00f3 los atropellos&nbsp; y las situaciones complejas que de nuevo ocurren en la provincia y zona de El Catatumbo. Hizo un llamado a los actores armados para que detengan los actos de violencia y que sea el di\u00e1logo, el \u00fanico camino que conduzca a la prosperidad y el desarrollo.<\/p>\n<p>Dijo que es clave que entidades nacionales apoyen y acompa\u00f1en la consecuci\u00f3n de recursos que fortalezcan las comunidades y permitan cerrar brechas de violencia, pobreza y asilamiento. La premisa es partir de la implementaci\u00f3n de los acuerdos de paz, para aprovechar recursos, que generen la construcci\u00f3n de este anhelo en el territorio.<\/p>\n<p>Foto: PRENSA GOBERNACI\u00d3N <\/p>\n","protected":false},"excerpt":{"rendered":"<p>Jos\u00e9 de Dios Toro Villegas, alcalde de El Tarra y presidente de la Asociaci\u00f3n de Municipios, expres\u00f3 alegr\u00eda en nombre de los 39 compa\u00f1eros de Norte de Santander, por la liberaci\u00f3n y regreso a casa de Cristo Humberto Contreras Uribe, padre del alcalde de El Carmen, Edwin Contreras Chinchilla. Rechaz\u00f3 los atropellos&nbsp; y las situaciones &hellip;<\/p>\n","protected":false},"author":1,"featured_media":29433,"comment_status":"open","ping_status":"open","sticky":false,"template":"","format":"standard","meta":{"footnotes":""},"categories":[11],"tags":[3516,3517],"class_list":["post-29432","post","type-post","status-publish","format-standard","has-post-thumbnail","hentry","category-cronica-roja","tag-asociacion-de-municipios","tag-cristo-humberto-contreras"],"_links":{"self":[{"href":"https:\/\/contraluzcucuta.co\/index.php?rest_route=\/wp\/v2\/posts\/29432","targetHints":{"allow":["GET"]}}],"collection":[{"href":"https:\/\/contraluzcucuta.co\/index.php?rest_route=\/wp\/v2\/posts"}],"about":[{"href":"https:\/\/contraluzcucuta.co\/index.php?rest_route=\/wp\/v2\/types\/post"}],"author":[{"embeddable":true,"href":"https:\/\/contraluzcucuta.co\/index.php?rest_route=\/wp\/v2\/users\/1"}],"replies":[{"embeddable":true,"href":"https:\/\/contraluzcucuta.co\/index.php?rest_route=%2Fwp%2Fv2%2Fcomments&post=29432"}],"version-history":[{"count":1,"href":"https:\/\/contraluzcucuta.co\/index.php?rest_route=\/wp\/v2\/posts\/29432\/revisions"}],"predecessor-version":[{"id":29434,"href":"https:\/\/contraluzcucuta.co\/index.php?rest_route=\/wp\/v2\/posts\/29432\/revisions\/29434"}],"wp:featuredmedia":[{"embeddable":true,"href":"https:\/\/contraluzcucuta.co\/index.php?rest_route=\/wp\/v2\/media\/29433"}],"wp:attachment":[{"href":"https:\/\/contraluzcucuta.co\/index.php?rest_route=%2Fwp%2Fv2%2Fmedia&parent=29432"}],"wp:term":[{"taxonomy":"category","embeddable":true,"href":"https:\/\/contraluzcucuta.co\/index.php?rest_route=%2Fwp%2Fv2%2Fcategories&post=29432"},{"taxonomy":"post_tag","embeddable":true,"href":"https:\/\/contraluzcucuta.co\/index.php?rest_route=%2Fwp%2Fv2%2Ftags&post=29432"}],"curies":[{"name":"wp","href":"https:\/\/api.w.org\/{rel}","templated":true}]}}