{"id":29429,"date":"2017-03-01T20:18:08","date_gmt":"2017-03-02T01:18:08","guid":{"rendered":"http:\/\/contraluzcucuta.co\/?p=29429"},"modified":"2017-03-01T20:18:08","modified_gmt":"2017-03-02T01:18:08","slug":"udes-estudiantes-y-docentes-debatieron-sobre-frontera-colombo-venezolana","status":"publish","type":"post","link":"https:\/\/contraluzcucuta.co\/?p=29429","title":{"rendered":"UDES. Estudiantes y docentes debatieron sobre frontera colombo-venezolana"},"content":{"rendered":"<p><strong>C\u00daCUTA.-<\/strong> Estudiantes y docentes de administraci\u00f3n financiera, contadur\u00eda p\u00fablica, comercio exterior, ingenier\u00eda industrial y sicolog\u00eda, de la Universidad de Santander (Udes), Campus C\u00facuta, analizaron la situaci\u00f3n de la frontera colombo-venezolana.<\/p>\n<p>El grupo de investigaci\u00f3n Ciempi\u00e9s y el Semillero Frontera, de la facultad de Ciencias Econ\u00f3micas, Administrativas y Contables, abrieron el debate internacional sobre los problemas comerciales y humanos que se presentan entre ambos pa\u00edses y que han ocasionado los constantes cierres de los pasos fronterizos.<\/p>\n<p>\u201cLa frontera colombo-venezolana es la m\u00e1s movida de Am\u00e9rica Latina. Adem\u00e1s, es una frontera que la dividen tan s\u00f3lo unos minutos. Este tema es amplio y es importante estar al tanto de la situaci\u00f3n, porque somos los primeros afectados de lo que ocurra\u201d, dijo Alex Corredor, estudiante de comercio exterior.<\/p>\n<p>Al finalizar la jornada, se llev\u00f3 a cabo la muestra fotogr\u00e1fica sobre la frontera entre Estados Unidos y M\u00e9xico, la cual fue un deleite visual para los espectadores. \u201cEsta muestra fotogr\u00e1fica nos deja ver la realidad de lo que pasa en una frontera tan peligrosa como es la de Estados Unidos y M\u00e9xico. Con excelentes fotograf\u00edas se aprecia el dolor de quienes intentan cruzar diariamente esta l\u00ednea lim\u00edtrofe\u201d, dijo Andr\u00e9s Gonz\u00e1lez, asistente al encuentro.<\/p>\n<p><strong>Foto: PRENSA UDES<\/strong><\/p>\n<p>&nbsp; <\/p>\n","protected":false},"excerpt":{"rendered":"<p>C\u00daCUTA.- Estudiantes y docentes de administraci\u00f3n financiera, contadur\u00eda p\u00fablica, comercio exterior, ingenier\u00eda industrial y sicolog\u00eda, de la Universidad de Santander (Udes), Campus C\u00facuta, analizaron la situaci\u00f3n de la frontera colombo-venezolana. El grupo de investigaci\u00f3n Ciempi\u00e9s y el Semillero Frontera, de la facultad de Ciencias Econ\u00f3micas, Administrativas y Contables, abrieron el debate internacional sobre los problemas &hellip;<\/p>\n","protected":false},"author":1,"featured_media":29430,"comment_status":"open","ping_status":"open","sticky":false,"template":"","format":"standard","meta":{"footnotes":""},"categories":[74],"tags":[578,3515],"class_list":["post-29429","post","type-post","status-publish","format-standard","has-post-thumbnail","hentry","category-aula-universitaria","tag-frontera-colombo-venezolana","tag-udes"],"_links":{"self":[{"href":"https:\/\/contraluzcucuta.co\/index.php?rest_route=\/wp\/v2\/posts\/29429","targetHints":{"allow":["GET"]}}],"collection":[{"href":"https:\/\/contraluzcucuta.co\/index.php?rest_route=\/wp\/v2\/posts"}],"about":[{"href":"https:\/\/contraluzcucuta.co\/index.php?rest_route=\/wp\/v2\/types\/post"}],"author":[{"embeddable":true,"href":"https:\/\/contraluzcucuta.co\/index.php?rest_route=\/wp\/v2\/users\/1"}],"replies":[{"embeddable":true,"href":"https:\/\/contraluzcucuta.co\/index.php?rest_route=%2Fwp%2Fv2%2Fcomments&post=29429"}],"version-history":[{"count":1,"href":"https:\/\/contraluzcucuta.co\/index.php?rest_route=\/wp\/v2\/posts\/29429\/revisions"}],"predecessor-version":[{"id":29431,"href":"https:\/\/contraluzcucuta.co\/index.php?rest_route=\/wp\/v2\/posts\/29429\/revisions\/29431"}],"wp:featuredmedia":[{"embeddable":true,"href":"https:\/\/contraluzcucuta.co\/index.php?rest_route=\/wp\/v2\/media\/29430"}],"wp:attachment":[{"href":"https:\/\/contraluzcucuta.co\/index.php?rest_route=%2Fwp%2Fv2%2Fmedia&parent=29429"}],"wp:term":[{"taxonomy":"category","embeddable":true,"href":"https:\/\/contraluzcucuta.co\/index.php?rest_route=%2Fwp%2Fv2%2Fcategories&post=29429"},{"taxonomy":"post_tag","embeddable":true,"href":"https:\/\/contraluzcucuta.co\/index.php?rest_route=%2Fwp%2Fv2%2Ftags&post=29429"}],"curies":[{"name":"wp","href":"https:\/\/api.w.org\/{rel}","templated":true}]}}