{"id":29419,"date":"2017-02-25T08:58:32","date_gmt":"2017-02-25T13:58:32","guid":{"rendered":"http:\/\/contraluzcucuta.co\/?p=29419"},"modified":"2017-02-25T08:58:32","modified_gmt":"2017-02-25T13:58:32","slug":"opinion-todos-defender-la-paz","status":"publish","type":"post","link":"https:\/\/contraluzcucuta.co\/?p=29419","title":{"rendered":"OPINI\u00d3N. Todos a defender la paz"},"content":{"rendered":"<p>La verdad es que nunca pens\u00e9 que la paz pudiera tener enemigos. Por circunstancias &nbsp;de la vida me toc\u00f3 ver los m\u00faltiples rostros de la violencia.&nbsp; So\u00f1aba que cuando llegaran los nuevos vientos portadores de la reconciliaci\u00f3n nacional, ser\u00edan millones y millones de almas recibiendo alborozadas y contentas las noticias de la paz, todos los colombianos presurosos por articular sus mejores esfuerzos en la realizaci\u00f3n de este sue\u00f1o, pero no fue as\u00ed. Las fuerzas del odio, de la guerra y de la violencia reaccionaron en forma virulenta y agresiva ante los primeros anuncios&nbsp; de acuerdos entre los delegados del&nbsp; presidente Santos y los representantes de las Farc-Ep., reunidos en La Habana (Cuba).<\/p>\n<p>Sin embargo, continuamos en un letargo pol\u00edtico que nos impidi\u00f3 ver a tiempo la derrota del plebiscito. D\u00e1bamos por sentado esas premisas ilusorias que nos hac\u00edan creer ciegamente que la paz ganaba por s\u00ed sola,&nbsp; se descuidaron frentes vitales en este prop\u00f3sito, &nbsp;como el de haber impulsado a lo largo y ancho del pa\u00eds&nbsp; un profunda preparaci\u00f3n en lo que era la pedagog\u00eda de la paz y el manejo racional de los conflictos. Era urgente convocarnos todos a cerrar filas y sacar adelante el S\u00ed propuesto, dado que era el camino l\u00f3gico y esperanzador que ven\u00edamos construyendo. \u00a1Pero no fue as\u00ed!&nbsp; Solo la serenidad y la madurez del presidente&nbsp; Santos y &nbsp;de la dirigencia guerrillera de las Farc, lograron en el filo de la navaja, enderezar los dif\u00edciles acontecimientos y salvar el amenazado Acuerdo de Paz.<\/p>\n<p>Ahora, en este nuevo contexto hist\u00f3rico de unas Farc &nbsp;<em>ad portas<\/em> de dejar por siempre las armas y frente al desaf\u00edo de cruciales elecciones presidenciales en un a\u00f1o, es un deber perentorio preguntarnos: las fuerzas amantes y comprometidas con la paz, c\u00f3mo&nbsp; nos &nbsp;la vamos&nbsp; a jugar en la pr\u00f3xima elecci\u00f3n presidencial, teniendo en cuenta las declaraciones del senador del&nbsp; Centro Democr\u00e1tico, Jos\u00e9 Obdulio Gaviria, que sin consideraci\u00f3n manifest\u00f3: \u201cSi nuestro partido gana la presidencia en el 2018 (el a\u00f1o entrante), se modificar\u00e1n los&nbsp; Acuerdos de Paz\u201d.<\/p>\n<p>Humberto de la Calle,&nbsp; exministro y jefe de la delegaci\u00f3n gubernamental que presidi\u00f3 en nombre del presidente Santos los di\u00e1logos de La Habana, le&nbsp; respondi\u00f3: \u201cEs una invitaci\u00f3n a regresar al conflicto armado con todas sus consecuencias. \u00a1Me parece hasta inveros\u00edmil que alguien pueda proponer eso!\u201d.<\/p>\n<p>Esta declaraci\u00f3n, desde una colectividad pol\u00edtica como el Centro Democr\u00e1tico, caracterizado por ser fiel representante de los intereses de los terratenientes &nbsp;se\u00f1ala, ni m\u00e1s ni menos, que se vendr\u00e1 con toda su fuerza y su pol\u00edtica &nbsp;a echar por tierra los Acuerdos, sobre todo los que tienen que ver con dos grandes transformaciones: la propiedad de la tierra con su nueva distribuci\u00f3n y la reforma que&nbsp; permite el surgimiento de la nueva organizaci\u00f3n pol\u00edtica de &nbsp;las Farc,&nbsp; para irrumpir en el&nbsp; panorama colombiano, una vez &nbsp;dejen las armas en manos de la ONU.<\/p>\n<p>No s\u00e9 si el Centro Democr\u00e1tico ser\u00eda capaz de quebrantar lo acordado. Seg\u00fan De la Calle \u201cen lo pol\u00edtico un Estado no puede incumplir lo pactado sin incurrir en una irresponsabilidad moral enorme. Ser\u00eda un acto de perfidia desarmar una guerrilla sobre la base de un acuerdo para incumplirlo luego. Nos remonta a los casos de Jos\u00e9 Antonio Gal\u00e1n, Guadalupe Salcedo, la Uni\u00f3n Patri\u00f3tica. Los acuerdos son para cumplirlos\u201d.<\/p>\n<p>Con estos proleg\u00f3menos que nos inquietan y preocupan, es necesario hacer una reflexi\u00f3n del alto significado de la paz, ser conscientes &nbsp;de que toda esa bienaventuranza, de mantener la violencia alejada de nuestras relaciones sociales y pol\u00edticas se pueden ir al traste si no actuamos con madurez y realismo pol\u00edtico, frente a las decisiones en el inmediato futuro.<\/p>\n<p>Es aqu\u00ed, cuando la propuesta pol\u00edtica de Humberto de la Calle para las pr\u00f3ximas elecciones presidenciales cobra verdadera dimensi\u00f3n human\u00edstica, al plantear una coalici\u00f3n amplia y coherente de fuerzas pol\u00edticas m\u00faltiples, sociales y regionales&nbsp; por la paz y la&nbsp; defensa de los Acuerdos. &nbsp;Una coalici\u00f3n &nbsp;que sea capaz de ganar las elecciones en la primera vuelta. Bajo ning\u00fan an\u00e1lisis podemos dejar abierta la posibilidad &nbsp;de que fuerzas &nbsp;de la&nbsp; extrema derecha se organicen, y &nbsp;nuevamente con enga\u00f1os logren echar hacia atr\u00e1s los significativos esfuerzos de paz,&nbsp; plasmados en acuerdos que tantas esperanzas han abierto a la sociedad colombiana.&nbsp; Esto ser\u00eda una verdadera cat\u00e1strofe para la sociedad colombiana.Por esta raz\u00f3n los invito a plantear a los cuatro vientos: \u00a1Todos unidos por la paz!<\/p>\n<p><strong>ALONSO OJEDA AWAD<\/strong><\/p>\n<p><strong>Vicepresidente del Comit\u00e9 Permanente de Defensa de los DD.HH.&nbsp; (CPDH).<\/strong><\/p>\n<p><strong>Foto: La Prensa Colombiana<\/strong> <\/p>\n","protected":false},"excerpt":{"rendered":"<p>La verdad es que nunca pens\u00e9 que la paz pudiera tener enemigos. Por circunstancias &nbsp;de la vida me toc\u00f3 ver los m\u00faltiples rostros de la violencia.&nbsp; So\u00f1aba que cuando llegaran los nuevos vientos portadores de la reconciliaci\u00f3n nacional, ser\u00edan millones y millones de almas recibiendo alborozadas y contentas las noticias de la paz, todos los &hellip;<\/p>\n","protected":false},"author":1,"featured_media":29420,"comment_status":"open","ping_status":"open","sticky":false,"template":"","format":"standard","meta":{"footnotes":""},"categories":[14],"tags":[1004,1978],"class_list":["post-29419","post","type-post","status-publish","format-standard","has-post-thumbnail","hentry","category-articulistas","tag-alonso-ojeda-awad","tag-paz-en-colombia"],"_links":{"self":[{"href":"https:\/\/contraluzcucuta.co\/index.php?rest_route=\/wp\/v2\/posts\/29419","targetHints":{"allow":["GET"]}}],"collection":[{"href":"https:\/\/contraluzcucuta.co\/index.php?rest_route=\/wp\/v2\/posts"}],"about":[{"href":"https:\/\/contraluzcucuta.co\/index.php?rest_route=\/wp\/v2\/types\/post"}],"author":[{"embeddable":true,"href":"https:\/\/contraluzcucuta.co\/index.php?rest_route=\/wp\/v2\/users\/1"}],"replies":[{"embeddable":true,"href":"https:\/\/contraluzcucuta.co\/index.php?rest_route=%2Fwp%2Fv2%2Fcomments&post=29419"}],"version-history":[{"count":1,"href":"https:\/\/contraluzcucuta.co\/index.php?rest_route=\/wp\/v2\/posts\/29419\/revisions"}],"predecessor-version":[{"id":29421,"href":"https:\/\/contraluzcucuta.co\/index.php?rest_route=\/wp\/v2\/posts\/29419\/revisions\/29421"}],"wp:featuredmedia":[{"embeddable":true,"href":"https:\/\/contraluzcucuta.co\/index.php?rest_route=\/wp\/v2\/media\/29420"}],"wp:attachment":[{"href":"https:\/\/contraluzcucuta.co\/index.php?rest_route=%2Fwp%2Fv2%2Fmedia&parent=29419"}],"wp:term":[{"taxonomy":"category","embeddable":true,"href":"https:\/\/contraluzcucuta.co\/index.php?rest_route=%2Fwp%2Fv2%2Fcategories&post=29419"},{"taxonomy":"post_tag","embeddable":true,"href":"https:\/\/contraluzcucuta.co\/index.php?rest_route=%2Fwp%2Fv2%2Ftags&post=29419"}],"curies":[{"name":"wp","href":"https:\/\/api.w.org\/{rel}","templated":true}]}}