{"id":29378,"date":"2017-02-18T14:29:02","date_gmt":"2017-02-18T19:29:02","guid":{"rendered":"http:\/\/contraluzcucuta.co\/?p=29378"},"modified":"2017-02-18T14:29:02","modified_gmt":"2017-02-18T19:29:02","slug":"juventudes-literarias-emprenden-la-divulgacion-de-objetivos-de-desarrollo-sostenible","status":"publish","type":"post","link":"https:\/\/contraluzcucuta.co\/?p=29378","title":{"rendered":"\u2018JUVENTUDES LITERARIAS\u2019. Emprenden la divulgaci\u00f3n de Objetivos de Desarrollo Sostenible"},"content":{"rendered":"<p><strong>C\u00daCUTA.-<\/strong> Veintiocho estudiantes de \u00faltimo grado de bachillerato de la Instituci\u00f3n Educativa Santa Teresita, de la ciudadela La Libertad, obtuvieron el aprendizaje que les permitir\u00e1 contribuir a la sostenibilidad del mundo. Los j\u00f3venes participaron en la divulgaci\u00f3n de los Objetivos de Desarrollo Sostenible (ODS), establecidos por la Organizaci\u00f3n de las Naciones Unidas (ONU).<\/p>\n<p>El prop\u00f3sito de la actividad es contribuir a hacer de Norte de Santander un departamento altamente sostenible. En el prop\u00f3sito est\u00e1n comprometidas la Gobernaci\u00f3n y la Secretar\u00eda de Fronteras y Cooperaci\u00f3n Internacional, y la fundaci\u00f3n \u2018Juventudes Literarias\u2019 de C\u00facuta.<\/p>\n<p>Los Objetivos ser\u00e1n primordiales para el ambiente, la erradicaci\u00f3n del hambre y las generaciones futuras. La fundaci\u00f3n se encarga de promover el amor por el aprendizaje y el conocimiento entre los j\u00f3venes. La organizaci\u00f3n hace presencia en Ibagu\u00e9, Arauca, Pamplona y Bogot\u00e1.<\/p>\n<p>Es fundamental que los ODS se tengan en cuenta en la formulaci\u00f3n de los planes de desarrollo del departamento y cada municipio. Tambi\u00e9n, en las actividades o estrategias que emprenda cada entidad p\u00fablica y privada para que se logren la efectividad y el cumplimiento.<\/p>\n<p><strong>Juan Carlos Cort\u00e9s Arias, secretario de Fronteras<\/strong><\/p>\n<p>\u201cPara nosotros es importante llegar a las comunidades, en especial a las educativas, que podr\u00e1n divulgar con las familias y los amigos lo aprendido durante las jornadas\u201d.<\/p>\n<p><strong>Angie Mishell Moreno, directora de la fundaci\u00f3n<\/strong><\/p>\n<p>\u201cAdem\u00e1s de esta jornada de din\u00e1micas, talleres y explicaciones te\u00f3ricas, se tiene previsto hacer activismo social, es decir, actividades de emprendimiento juvenil, en las que los ODS no solo sean divulgados, sino que se inicien acciones para su puesta en marcha\u201d.<\/p>\n<p><strong>Roger Cruz, coordinador acad\u00e9mico de la Instituci\u00f3n Educativa Santa Teresita<\/strong><\/p>\n<p>\u201cLa instituci\u00f3n cuenta con 400 estudiantes. Esperamos que los que recibieron la capacitaci\u00f3n, la repliquen y fortalezcan el cuidado del medio ambiente, de la econom\u00eda y de la inclusi\u00f3n social, y qu\u00e9 mejor que sea por los mismos adolescentes\u201d.<\/p>\n<p><strong>Karen Pati\u00f1o, estudiante<\/strong><\/p>\n<p>\u201cTenemos que hacer un cambio de verdad. Debemos hacer proyectos que involucren a las generaciones futuras, por lo que hay que planear un nuevo desarrollo que nos permita apuntarle al beneficio del ambiente\u201d.<\/p>\n<p><strong>Foto: PRENSA GOBERNACI\u00d3N<\/strong> <\/p>\n","protected":false},"excerpt":{"rendered":"<p>C\u00daCUTA.- Veintiocho estudiantes de \u00faltimo grado de bachillerato de la Instituci\u00f3n Educativa Santa Teresita, de la ciudadela La Libertad, obtuvieron el aprendizaje que les permitir\u00e1 contribuir a la sostenibilidad del mundo. Los j\u00f3venes participaron en la divulgaci\u00f3n de los Objetivos de Desarrollo Sostenible (ODS), establecidos por la Organizaci\u00f3n de las Naciones Unidas (ONU). El prop\u00f3sito &hellip;<\/p>\n","protected":false},"author":1,"featured_media":29379,"comment_status":"open","ping_status":"open","sticky":false,"template":"","format":"standard","meta":{"footnotes":""},"categories":[4,2630],"tags":[379,3499,452],"class_list":["post-29378","post","type-post","status-publish","format-standard","has-post-thumbnail","hentry","category-barra","category-gobernacion","tag-gobernacion-de-norte-de-santander","tag-juventudes-literarias","tag-secretaria-de-fronteras"],"_links":{"self":[{"href":"https:\/\/contraluzcucuta.co\/index.php?rest_route=\/wp\/v2\/posts\/29378","targetHints":{"allow":["GET"]}}],"collection":[{"href":"https:\/\/contraluzcucuta.co\/index.php?rest_route=\/wp\/v2\/posts"}],"about":[{"href":"https:\/\/contraluzcucuta.co\/index.php?rest_route=\/wp\/v2\/types\/post"}],"author":[{"embeddable":true,"href":"https:\/\/contraluzcucuta.co\/index.php?rest_route=\/wp\/v2\/users\/1"}],"replies":[{"embeddable":true,"href":"https:\/\/contraluzcucuta.co\/index.php?rest_route=%2Fwp%2Fv2%2Fcomments&post=29378"}],"version-history":[{"count":1,"href":"https:\/\/contraluzcucuta.co\/index.php?rest_route=\/wp\/v2\/posts\/29378\/revisions"}],"predecessor-version":[{"id":29380,"href":"https:\/\/contraluzcucuta.co\/index.php?rest_route=\/wp\/v2\/posts\/29378\/revisions\/29380"}],"wp:featuredmedia":[{"embeddable":true,"href":"https:\/\/contraluzcucuta.co\/index.php?rest_route=\/wp\/v2\/media\/29379"}],"wp:attachment":[{"href":"https:\/\/contraluzcucuta.co\/index.php?rest_route=%2Fwp%2Fv2%2Fmedia&parent=29378"}],"wp:term":[{"taxonomy":"category","embeddable":true,"href":"https:\/\/contraluzcucuta.co\/index.php?rest_route=%2Fwp%2Fv2%2Fcategories&post=29378"},{"taxonomy":"post_tag","embeddable":true,"href":"https:\/\/contraluzcucuta.co\/index.php?rest_route=%2Fwp%2Fv2%2Ftags&post=29378"}],"curies":[{"name":"wp","href":"https:\/\/api.w.org\/{rel}","templated":true}]}}