{"id":29361,"date":"2017-02-18T10:06:31","date_gmt":"2017-02-18T15:06:31","guid":{"rendered":"http:\/\/contraluzcucuta.co\/?p=29361"},"modified":"2017-02-18T10:06:31","modified_gmt":"2017-02-18T15:06:31","slug":"notas-al-margen-hay-ausencia-de-liderazgo-y-carencia-de-espiritu-de-pertenencia","status":"publish","type":"post","link":"https:\/\/contraluzcucuta.co\/?p=29361","title":{"rendered":"NOTAS AL MARGEN. \u00bfHay ausencia de liderazgo y carencia de esp\u00edritu de pertenencia?"},"content":{"rendered":"<p>1.- \u00bfCu\u00e1l es el grado de compromiso existente entre los pobladores de la frontera con los desarrollos y las perspectivas de futuro que deben proyectarse e impulsarse por las autoridades y los n\u00facleos administrativos y directivos de la zona y la regi\u00f3n? \u00bfHay Planes, prospectos&nbsp; e iniciativas debidamente analizados y aprobados? \u00bfCu\u00e1l es el orden de prioridades? \u00bfQui\u00e9nes son los responsables, orientadores y ejecutores de las acciones que deben seguirse? \u00bfLa Gobernaci\u00f3n, las alcald\u00edas, las oficinas de Planeaci\u00f3n y las asociaciones gremiales y representativas adelantan una peri\u00f3dica evaluaci\u00f3n sobre el estado, avances y situaci\u00f3n de cada empe\u00f1o?&nbsp; \u00bfHay ilustraci\u00f3n y aplicaciones sobre lo que se\u00f1ala la Constituci\u00f3n sobre la funci\u00f3n administrativa?<\/p>\n<p>El art\u00edculo 209 de la Carta Magna se\u00f1ala: \u201cLa funci\u00f3n administrativa est\u00e1 al servicio de los intereses&nbsp; generales y se desarrolla con fundamento en los principios de igualdad, moralidad, eficacia, econom\u00eda, celeridad, imparcialidad y publicidad, mediante la descentralizaci\u00f3n, la delegaci\u00f3n y la desconcentraci\u00f3n de funciones. Las autoridades administrativas deben coordinar sus actuaciones para el adecuado cumplimiento de los fines del Estado. La&nbsp; administraci\u00f3n p\u00fablica, en todos sus \u00f3rdenes, tendr\u00e1 un control interno, que se ejercer\u00e1 en los t\u00e9rminos que se\u00f1ale la ley\u201d.<\/p>\n<p>Y el art\u00edculo 337 precisa que: \u201cLa ley podr\u00e1&nbsp; establecer para las zonas de frontera terrestres y mar\u00edtimas normas especiales en materias econ\u00f3micas y sociales, tendientes a promover su desarrollo\u201d. Conforme a esto \u00bfcu\u00e1les son las iniciativas que est\u00e1n para estudio y definici\u00f3n?<\/p>\n<p>2.- En procura del necesario y urgente programa referido a la creaci\u00f3n de empleos y el aprovechamiento de las ventajas comparativas \u00bfqu\u00e9 estamos concertando y con qui\u00e9nes? \u00bfHay, y en marcha, alguna comisi\u00f3n especial que analice las mejores acciones que se deben adoptar para una cabal, ejemplar y eficiente integraci\u00f3n colombo-venezolana? \u00bfLos gobernadores o alcaldes de los municipios fronterizos adelantan gestiones y proyectos que beneficien e impulsen el desarrollo de sus respectivas \u00e1reas? \u00bfQu\u00e9 se analiza en las universidades? Si el llamado \u2018tri\u00e1ngulo de oro\u2019, compuesto por Maracaibo, San Crist\u00f3bal y C\u00facuta registr\u00f3 tanto \u00e9xito en el pasado \u00bfpor qu\u00e9 hoy hemos olvidado esas secuencias y entre ellas a <a href=\"https:\/\/contraluzcucuta.co\/articulos\/reportaje-san-faustino-de-los-rios-tres-siglos-y-medio-de-olvido\/\">San Faustino de los R\u00edos<\/a>, al ferrocarril&nbsp; y al potencial por revivir?<\/p>\n<p>3.- Con el Embajador de Venezuela en Colombia, Iv\u00e1n Rinc\u00f3n Urdaneta,&nbsp; se ha expuesto a la Canciller\u00eda venezolana la favorabilidad de crear y compartir parques industriales y tecnol\u00f3gicos, zonas francas especializadas y una zona aduanera para maquilas, partiendo de la base que tanto Venezuela como Colombia buscan la creaci\u00f3n de empleos.&nbsp; \u00bfNo es claro y evidente, que nos falta m\u00e1s asociaci\u00f3n y esp\u00edritu de emprendimiento para otorgarles mayor y mejor piso a los entendimientos que requieren la relaci\u00f3n colombo-venezolana y el&nbsp; verdadero y aut\u00e9ntico anhelo de desarrollo y progreso regional?&nbsp;&nbsp; \u00bfHay ausencia de liderazgo?<\/p>\n<p><strong>JOS\u00c9 NEIRA REY<\/strong><\/p>\n<p><a href=\"mailto:jneirarey@hotmail.com\">jneirarey@hotmail.com<\/a><\/p>\n<p><strong>Foto: ARCHIVO <a href=\"http:\/\/www.contraluzcucuta.co\">www.contraluzcucuta.co<\/a><\/strong><\/p>\n<p><strong>&nbsp;<\/strong><\/p>\n<p>&nbsp; <\/p>\n","protected":false},"excerpt":{"rendered":"<p>1.- \u00bfCu\u00e1l es el grado de compromiso existente entre los pobladores de la frontera con los desarrollos y las perspectivas de futuro que deben proyectarse e impulsarse por las autoridades y los n\u00facleos administrativos y directivos de la zona y la regi\u00f3n? \u00bfHay Planes, prospectos&nbsp; e iniciativas debidamente analizados y aprobados? \u00bfCu\u00e1l es el orden &hellip;<\/p>\n","protected":false},"author":1,"featured_media":29362,"comment_status":"open","ping_status":"open","sticky":false,"template":"","format":"standard","meta":{"footnotes":""},"categories":[14,4],"tags":[2749,382,956,3493],"class_list":["post-29361","post","type-post","status-publish","format-standard","has-post-thumbnail","hentry","category-articulistas","category-barra","tag-articulistas-contraluz","tag-jose-neira","tag-notas-al-margen","tag-san-faustino-de-los-rios"],"_links":{"self":[{"href":"https:\/\/contraluzcucuta.co\/index.php?rest_route=\/wp\/v2\/posts\/29361","targetHints":{"allow":["GET"]}}],"collection":[{"href":"https:\/\/contraluzcucuta.co\/index.php?rest_route=\/wp\/v2\/posts"}],"about":[{"href":"https:\/\/contraluzcucuta.co\/index.php?rest_route=\/wp\/v2\/types\/post"}],"author":[{"embeddable":true,"href":"https:\/\/contraluzcucuta.co\/index.php?rest_route=\/wp\/v2\/users\/1"}],"replies":[{"embeddable":true,"href":"https:\/\/contraluzcucuta.co\/index.php?rest_route=%2Fwp%2Fv2%2Fcomments&post=29361"}],"version-history":[{"count":1,"href":"https:\/\/contraluzcucuta.co\/index.php?rest_route=\/wp\/v2\/posts\/29361\/revisions"}],"predecessor-version":[{"id":29363,"href":"https:\/\/contraluzcucuta.co\/index.php?rest_route=\/wp\/v2\/posts\/29361\/revisions\/29363"}],"wp:featuredmedia":[{"embeddable":true,"href":"https:\/\/contraluzcucuta.co\/index.php?rest_route=\/wp\/v2\/media\/29362"}],"wp:attachment":[{"href":"https:\/\/contraluzcucuta.co\/index.php?rest_route=%2Fwp%2Fv2%2Fmedia&parent=29361"}],"wp:term":[{"taxonomy":"category","embeddable":true,"href":"https:\/\/contraluzcucuta.co\/index.php?rest_route=%2Fwp%2Fv2%2Fcategories&post=29361"},{"taxonomy":"post_tag","embeddable":true,"href":"https:\/\/contraluzcucuta.co\/index.php?rest_route=%2Fwp%2Fv2%2Ftags&post=29361"}],"curies":[{"name":"wp","href":"https:\/\/api.w.org\/{rel}","templated":true}]}}