{"id":29358,"date":"2017-02-18T09:45:53","date_gmt":"2017-02-18T14:45:53","guid":{"rendered":"http:\/\/contraluzcucuta.co\/?p=29358"},"modified":"2017-02-18T09:45:53","modified_gmt":"2017-02-18T14:45:53","slug":"camaras-de-comercio-inseguridad-ilegalidad-e-informalidad-los-males-de-la-frontera","status":"publish","type":"post","link":"https:\/\/contraluzcucuta.co\/?p=29358","title":{"rendered":"C\u00c1MARAS DE COMERCIO. Inseguridad, ilegalidad e informalidad, los males de la frontera"},"content":{"rendered":"<p><strong>C\u00daCUTA.-<\/strong> Inseguridad, ilegalidad en las exportaciones e importaciones fronterizas, informalidad mercantil y el posconflicto son los principales factores que afectan el desarrollo oportuno de las organizaciones en beneficio de las actividades socioecon\u00f3micas. A esta reuni\u00f3n llegaron los participantes en la reuni\u00f3n de C\u00e1maras de Comercio fronterizas con Venezuela, Confec\u00e1maras, C\u00e1mara Colombo-Venezolana y Canciller\u00eda.<\/p>\n<p>El objetivo de la cita, cumplida en C\u00facuta esta semana, era examinar la situaci\u00f3n de la frontera con Venezuela y fijar una posici\u00f3n que permita dar soluci\u00f3n a los problemas de las zonas lim\u00edtrofes. Los asistentes destacaron la importancia de las relaciones entre los dos pa\u00edses y enfatizaron acerca de los problemas que afectan a la poblaci\u00f3n.<\/p>\n<p>El presidente de Confec\u00e1maras, Juli\u00e1n Dom\u00ednguez, present\u00f3 como alternativas a la crisis la b\u00fasqueda de proyectos estructurales en zonas v\u00edctimas del conflicto para ser parte de las soluciones del posconflicto. Para atender el desempleo hizo alusi\u00f3n al <em>fast trac<\/em> (v\u00eda r\u00e1pida) y a los planes de choque que el Gobierno debe emprender en infraestructura vial y que ser\u00e1n fundamentales para la regi\u00f3n.<\/p>\n<p>Carlos Luna, presidente ejecutivo de la C\u00e1mara de Comercio de C\u00facuta, destac\u00f3 La importancia de emprender alianzas con entidades p\u00fablicas y privadas, nacionales e internacionales, y la necesidad que el Gobierno entregue herramientas a Migraci\u00f3n Colombia para contrarrestar la crisis humanitaria que afecta la frontera.<\/p>\n<p>Entre las conclusiones est\u00e1n:<\/p>\n<p>1.- Buscar salidas y planteamientos para fortalecer la generaci\u00f3n de regiones sostenibles mediante el apoyo del Gobierno y el sector privado, integrado por la C\u00e1mara de Comercio Colombo-Venezolana, Confec\u00e1maras y las c\u00e1maras de comercio de frontera.<\/p>\n<p>2.- Dise\u00f1ar una estrategia regional que pueda ser soportada por el CAF-Banco de Desarrollo de Am\u00e9rica Latina y el Banco Interamericano de Desarrollo (BID).<\/p>\n<p>3.- Solicitar a los ministerios de Relaciones Exteriores y Comercio Exterior, y a la Direcci\u00f3n de Impuestos y Aduanas Nacionales definir en el corto plazo la ampliaci\u00f3n del horario del transporte de carga con Venezuela.<\/p>\n<p>4.- Hacer un llamado al Gobierno Nacional para que utilice los veh\u00edculos legislativos de <em>fast track<\/em> (v\u00eda r\u00e1pida) y de facultades especiales para incorporar acciones tendientes a que integren estas zonas como territorios de paz.<\/p>\n<p>En la reuni\u00f3n participaron el presidente ejecutivo de Confec\u00e1maras, Juli\u00e1n Dom\u00ednguez; el presidente ejecutivo de la C\u00e1mara de Comercio de C\u00facuta, Carlos Luna; el director de Desarrollo e Integraci\u00f3n Fronteriza de la Canciller\u00eda, V\u00edctor Bautista, y el director ejecutivo de la C\u00e1mara de Comercio Colombo Venezolana, German Uma\u00f1a, y los presidentes ejecutivos de las c\u00e1maras de comercio fronterizos Gisela Garc\u00e9s (Arauca) y \u00c1lvaro Romero (La Guajira).<\/p>\n<p><strong>Foto: PRENSA C\u00c1MARA DE COMERCIO<\/strong><\/p>\n<p><strong>&nbsp;<\/strong><\/p>\n<p><strong>&nbsp;<\/strong> <\/p>\n","protected":false},"excerpt":{"rendered":"<p>C\u00daCUTA.- Inseguridad, ilegalidad en las exportaciones e importaciones fronterizas, informalidad mercantil y el posconflicto son los principales factores que afectan el desarrollo oportuno de las organizaciones en beneficio de las actividades socioecon\u00f3micas. A esta reuni\u00f3n llegaron los participantes en la reuni\u00f3n de C\u00e1maras de Comercio fronterizas con Venezuela, Confec\u00e1maras, C\u00e1mara Colombo-Venezolana y Canciller\u00eda. El objetivo &hellip;<\/p>\n","protected":false},"author":1,"featured_media":29359,"comment_status":"open","ping_status":"open","sticky":false,"template":"","format":"standard","meta":{"footnotes":""},"categories":[4,32],"tags":[375,1592,1423],"class_list":["post-29358","post","type-post","status-publish","format-standard","has-post-thumbnail","hentry","category-barra","category-recorrido-por-la-region","tag-camara-de-comercio-de-cucuta","tag-carlos-luna","tag-confecamaras"],"_links":{"self":[{"href":"https:\/\/contraluzcucuta.co\/index.php?rest_route=\/wp\/v2\/posts\/29358","targetHints":{"allow":["GET"]}}],"collection":[{"href":"https:\/\/contraluzcucuta.co\/index.php?rest_route=\/wp\/v2\/posts"}],"about":[{"href":"https:\/\/contraluzcucuta.co\/index.php?rest_route=\/wp\/v2\/types\/post"}],"author":[{"embeddable":true,"href":"https:\/\/contraluzcucuta.co\/index.php?rest_route=\/wp\/v2\/users\/1"}],"replies":[{"embeddable":true,"href":"https:\/\/contraluzcucuta.co\/index.php?rest_route=%2Fwp%2Fv2%2Fcomments&post=29358"}],"version-history":[{"count":1,"href":"https:\/\/contraluzcucuta.co\/index.php?rest_route=\/wp\/v2\/posts\/29358\/revisions"}],"predecessor-version":[{"id":29360,"href":"https:\/\/contraluzcucuta.co\/index.php?rest_route=\/wp\/v2\/posts\/29358\/revisions\/29360"}],"wp:featuredmedia":[{"embeddable":true,"href":"https:\/\/contraluzcucuta.co\/index.php?rest_route=\/wp\/v2\/media\/29359"}],"wp:attachment":[{"href":"https:\/\/contraluzcucuta.co\/index.php?rest_route=%2Fwp%2Fv2%2Fmedia&parent=29358"}],"wp:term":[{"taxonomy":"category","embeddable":true,"href":"https:\/\/contraluzcucuta.co\/index.php?rest_route=%2Fwp%2Fv2%2Fcategories&post=29358"},{"taxonomy":"post_tag","embeddable":true,"href":"https:\/\/contraluzcucuta.co\/index.php?rest_route=%2Fwp%2Fv2%2Ftags&post=29358"}],"curies":[{"name":"wp","href":"https:\/\/api.w.org\/{rel}","templated":true}]}}