{"id":29330,"date":"2017-02-11T14:54:47","date_gmt":"2017-02-11T19:54:47","guid":{"rendered":"http:\/\/contraluzcucuta.co\/?p=29330"},"modified":"2017-02-11T14:54:47","modified_gmt":"2017-02-11T19:54:47","slug":"unipamplona-caricaturas-de-yeyo-colombia-entre-luces-y-sombras","status":"publish","type":"post","link":"https:\/\/contraluzcucuta.co\/?p=29330","title":{"rendered":"UNIPAMPLONA. Caricaturas de \u2018Yeyo\u2019. Colombia: Entre luces y sombras"},"content":{"rendered":"<p>Alfredo Ram\u00edrez Parra, \u2018Yeyo\u2019, &nbsp;expone su trabajo gr\u00e1fico en el Centro Comercial Gran Estaci\u00f3n, en Bogot\u00e1. La muestra \u2018Colombia: Entre luces y sombras\u2019 hace parte de la estrategia adelantada por la Fundaci\u00f3n KreaViva e Intuit, para hablar de otra manera sobre paz y posconflicto.<\/p>\n<p>La exposici\u00f3n ofrece un panorama general sobre el proceso de paz en el pa\u00eds y las \u00faltimas acciones que han fundamentado el camino hacia la reconciliaci\u00f3n. En la presentaci\u00f3n de diferentes perspectivas y miradas anal\u00edticas lo acompa\u00f1an \u2018Betto\u2019, \u2018Ch\u00f3colo\u2019, \u2018GoVa\u2019 y \u2018Matador\u2019.<\/p>\n<p>\u201cLa caricatura tiene una ventaja y es que cuenta la noticia en un trazo, en una vi\u00f1eta, y brinda en ocasiones el lado jocoso de la historia\u201d, coment\u00f3 \u2018Yeyo\u2019. A la exposici\u00f3n fue invitado a plasmar la realidad del pa\u00eds en materia de paz y posconflicto, para ofrecer una postura y mostrar a la gente lo que entiende desde su punto de vista.<\/p>\n<p>Fernando Garc\u00eda, de la Fundaci\u00f3n Kreaviva, manifest\u00f3 que el papel de los colombianos es fundamental para alcanzar una reflexi\u00f3n profunda sobre la paz desde la cotidianidad. \u201cLa consolidaci\u00f3n de este proceso, con amplia participaci\u00f3n democr\u00e1tica, es un gran paso hacia la reconciliaci\u00f3n\u201d.<\/p>\n<p>La alianza entre el sector privado y una organizaci\u00f3n de la sociedad civil logr\u00f3 recrear el espacio para el tr\u00e1nsito de un gran n\u00famero de personas los fines de semana, en una galer\u00eda temporal, cuya exposici\u00f3n hace visible diversos aspectos sobre la paz y el posconflicto en Colombia.<\/p>\n<p>Las caricaturas por la paz integran la potencia comunicativa de la imagen, conect\u00e1ndola a un tema que involucra a todos los sectores sociales, para reforzar en la opini\u00f3n de los colombianos el sentido de reflexi\u00f3n en torno a la construcci\u00f3n de una sociedad en paz.<\/p>\n<p>Alfredo Ram\u00edrez Parra, \u2018Yeyo\u2019, es comunicador social y periodista egresado de la Universidad Aut\u00f3noma de Bucaramanga. Ha trabajado en TV Cable (Bucaramanga), diario La Opini\u00f3n (C\u00facuta), medio en el que en la actualidad publica sus caricaturas, y revista digital Raz\u00f3n P\u00fablica.<\/p>\n<p>Inici\u00f3 labores en la Universidad de Pamplona, el 1 de mayo de 2001, en el Centro de Producci\u00f3n de Televisi\u00f3n; despu\u00e9s, se integr\u00f3 como dise\u00f1ador gr\u00e1fico en el CIADTI, donde se desempe\u00f1a. Fue docente en \u00e1reas de dise\u00f1o gr\u00e1fico y multimedia en los programas de Comunicaci\u00f3n Social, Arquitectura y Dise\u00f1o Industrial.<\/p>\n<p>Sus proyectos en materia de caricaturas se encaminan a plasmar la realidad del pa\u00eds con im\u00e1genes de contenido social y participar cada vez m\u00e1s en medios nacionales e internacionales para aportar con trabajo a la Universidad de Pamplona.<\/p>\n<p><strong>Foto: PRENSA UNIPAMPLONA<\/strong><\/p>\n<p>&nbsp; <\/p>\n","protected":false},"excerpt":{"rendered":"<p>Alfredo Ram\u00edrez Parra, \u2018Yeyo\u2019, &nbsp;expone su trabajo gr\u00e1fico en el Centro Comercial Gran Estaci\u00f3n, en Bogot\u00e1. La muestra \u2018Colombia: Entre luces y sombras\u2019 hace parte de la estrategia adelantada por la Fundaci\u00f3n KreaViva e Intuit, para hablar de otra manera sobre paz y posconflicto. La exposici\u00f3n ofrece un panorama general sobre el proceso de paz &hellip;<\/p>\n","protected":false},"author":1,"featured_media":29331,"comment_status":"open","ping_status":"open","sticky":false,"template":"","format":"standard","meta":{"footnotes":""},"categories":[74,4],"tags":[2597,1106,161,1107],"class_list":["post-29330","post","type-post","status-publish","format-standard","has-post-thumbnail","hentry","category-aula-universitaria","category-barra","tag-aula-universitaria","tag-caricatura","tag-universidad-de-pamplona","tag-yeyo"],"_links":{"self":[{"href":"https:\/\/contraluzcucuta.co\/index.php?rest_route=\/wp\/v2\/posts\/29330","targetHints":{"allow":["GET"]}}],"collection":[{"href":"https:\/\/contraluzcucuta.co\/index.php?rest_route=\/wp\/v2\/posts"}],"about":[{"href":"https:\/\/contraluzcucuta.co\/index.php?rest_route=\/wp\/v2\/types\/post"}],"author":[{"embeddable":true,"href":"https:\/\/contraluzcucuta.co\/index.php?rest_route=\/wp\/v2\/users\/1"}],"replies":[{"embeddable":true,"href":"https:\/\/contraluzcucuta.co\/index.php?rest_route=%2Fwp%2Fv2%2Fcomments&post=29330"}],"version-history":[{"count":1,"href":"https:\/\/contraluzcucuta.co\/index.php?rest_route=\/wp\/v2\/posts\/29330\/revisions"}],"predecessor-version":[{"id":29332,"href":"https:\/\/contraluzcucuta.co\/index.php?rest_route=\/wp\/v2\/posts\/29330\/revisions\/29332"}],"wp:featuredmedia":[{"embeddable":true,"href":"https:\/\/contraluzcucuta.co\/index.php?rest_route=\/wp\/v2\/media\/29331"}],"wp:attachment":[{"href":"https:\/\/contraluzcucuta.co\/index.php?rest_route=%2Fwp%2Fv2%2Fmedia&parent=29330"}],"wp:term":[{"taxonomy":"category","embeddable":true,"href":"https:\/\/contraluzcucuta.co\/index.php?rest_route=%2Fwp%2Fv2%2Fcategories&post=29330"},{"taxonomy":"post_tag","embeddable":true,"href":"https:\/\/contraluzcucuta.co\/index.php?rest_route=%2Fwp%2Fv2%2Ftags&post=29330"}],"curies":[{"name":"wp","href":"https:\/\/api.w.org\/{rel}","templated":true}]}}