{"id":29327,"date":"2017-02-08T05:42:44","date_gmt":"2017-02-08T10:42:44","guid":{"rendered":"http:\/\/contraluzcucuta.co\/?p=29327"},"modified":"2017-02-08T05:42:44","modified_gmt":"2017-02-08T10:42:44","slug":"historia-camilo-torres-tenorio-200-anos","status":"publish","type":"post","link":"https:\/\/contraluzcucuta.co\/?p=29327","title":{"rendered":"HISTORIA. Camilo Torres Tenorio (200 a\u00f1os)"},"content":{"rendered":"<p>El 5 de octubre del 2016, se cumplieron dos siglos del cruel y salvaje asesinado del ilustre jurisconsulto colombiano Camilo Torres Tenorio, ordenado por el sanguinario general espa\u00f1ol Pablo Morillo, en cumplimiento de las \u00f3rdenes emanadas del opresor rey Fernando VII, descendiente del criminoso rey Fernando el cat\u00f3lico, quien no tuvo inconveniente de asesinar a su yerno el rey Felipe el Hermoso casado con su hija la reina Juana la Loca, con el fin de consolidar su cuestionado mandato.<\/p>\n<p>El doctor Camilo Torres Tenorio, pr\u00f3cer de la Independencia, naci\u00f3 en Popay\u00e1n el 22 de noviembre de 1776 y asesinado el 5 de octubre de 1816, a los 50 a\u00f1os. Su asesinato horroroso y macabro no pod\u00eda ser sino el fruto de la mente criminosa de nuestros conquistadores, a quienes les debemos la herencia cafreril de quienes dominaron la Am\u00e9rica del Sur. El crimen de que se le&nbsp; acus\u00f3 fue luchar por la independencia del pa\u00eds, con sus actividades intelectuales, como la divulgaci\u00f3n del Memorial de Agravios, firme reclamo a las autoridades espa\u00f1olas por una justa representaci\u00f3n de las colonias americanas ante las cortes espa\u00f1olas. Fue fusilado, su cabeza cercenada de su cuerpo y exhibida en una jaula en la calle 24, a merced de las aves de rapi\u00f1a, para escarmiento del pueblo, que bien pronto dio al suelo con las opresoras autoridades coloniales.<\/p>\n<p>Camilo Torres Tenorio, es bien diferente del cura guerrillero Camilo Torres Restrepo, de su mismo nombre,soci\u00f3logo revolucionario, muerto en las monta\u00f1as de Santander, en Patiocemento, el 15 de febrero de 1966, cuando reci\u00e9n integrado a la guerrilla del ELN, intent\u00f3 quitarle el fusil a un soldado muerto por un alzado en armas.<\/p>\n<p>Estudi\u00f3 en el seminario de Popay\u00e1n, cuando era rector, el cura Juan Mariano Grijalva, profesor Jos\u00e9 F\u00e9lix de Restrepo, y&nbsp; condisc\u00edpulos Francisco Antonio Zea y otros eminentes compatriotas, firmes luchadores por la Independencia. Del seminario, sali\u00f3 a los 22 a\u00f1os, para Santaf\u00e9 a estudiar Jurisprudencia en la Universidad del Rosario; &nbsp;all\u00ed obtuvo el t\u00edtulo de bachiller en Derecho Can\u00f3nico en 1790, y el de doctor en 1791. El colegio Mayor lo hizo conciliario y profesor y a los 26 a\u00f1os vicerrector; en julio de 1794, fue recibido como abogado de la Real Audiencia de Santaf\u00e9.<\/p>\n<p>La semilla de la insurrecci\u00f3n de los comuneros, no hab\u00eda muerto y en 1794 se produjo la llamada conspiraci\u00f3n de los pasquines, inspirada por la traducci\u00f3n de los derechos del hombre y el ciudadano, la Revoluci\u00f3n francesa y la independencia de los Estados Unidos, lo cual origin\u00f3 c\u00e1rcel y exilio para muchos granadinos y un proceso contra alumnos del colegio Mayor del Rosario, entre ellos Camilo Torres a quien le allanaron su biblioteca, de donde se llevaron numerosos libros de Derecho en franc\u00e9s, para la Inquisici\u00f3n.<\/p>\n<p>Se opuso a la invasi\u00f3n de Espa\u00f1a por Napole\u00f3n y lo manifest\u00f3 p\u00fablicamente, incluso hasta el 20 de julio de 1810. Se celebraron elecciones para designar representantes ante las Cortes de Sevilla, m\u00e1xima autoridad y Camilo Torres, qued\u00f3 como asesor del cabildo santafere\u00f1o, ocasi\u00f3n en la cual, escribi\u00f3 el famoso Memorial de Agravios, en el cual criticaba la poca representaci\u00f3n de las colonias americanas, ante dichas Cortes, criticaba la pol\u00edtica del imperio contra las colonias, a las cuales explotaba, se llevaba sus riquezas y poco les daba, y exig\u00eda la igualdad de derechos pol\u00edticos entre criollos y peninsulares.<\/p>\n<p>Particip\u00f3 de importante manera en los acontecimientos del 20 de julio de 1810, cuando se dio el grito de independencia e hizo parte de la Junta Suprema de Santaf\u00e9, firm\u00f3 el acta de independencia, que \u00e9l mismo redact\u00f3; fue elegido para el Colegio Electoral de Cundinamarca en enero de 1811; luego fue elegido secretario del Colegio Electoral. Defendi\u00f3 las ideas federalistas en el gobierno, lo cual lo enfrent\u00f3 a las ideas centralistas de don Antonio Nari\u00f1o, fue presidente de las Provincias Unidas entre 1812 y 1814, enfrentado al Precursor por las formas de gobierno propiciadas por \u00e9ste.<\/p>\n<p>Desde 1812, mantuvo buena amistad con el general Sim\u00f3n Bol\u00edvar, y la Nueva Granada con Venezuela en la lucha por la independencia. Despu\u00e9s de la invasi\u00f3n de Pablo Morillo, entre 1815 y 1816, Camilo Torres fue Jefe de Gobierno por segunda vez, despu\u00e9s de la invasi\u00f3n del llamado pacificador, quien el 26 de mayo de 1816, entr\u00f3 a Santaf\u00e9 y estableci\u00f3 el Consejo de Guerra Permanente y el Consejo de Purificaci\u00f3n&nbsp; la Junta de Secuestros, quienes dispusieron de los bienes, la libertad y la vida de los patriotas. El doctor Camilo Torres emigr\u00f3 hacia el sur del pa\u00eds, donde se cre\u00eda m\u00e1s seguro; las tropas de Juan S\u00e1mano lo apresaron en julio de 1816, lo remitieron a Popay\u00e1n y despu\u00e9s a Santaf\u00e9, donde lleg\u00f3 el 2 de octubre; el 4 fue el consejo de guerra y el 5 fue asesinado, despu\u00e9s de quitarle los bienes; su cabeza, ya lo dijimos fue exhibida, para escarnio p\u00fablico, a la salida de Santaf\u00e9, hasta el catorce del mes, cuando Morillo permiti\u00f3 le dieran sepultura, por ser el cumplea\u00f1os del rey Fernando VII.<\/p>\n<p>\u201cCamilo Torres, constituye uno de los elementos m\u00e1s representativos de la independencia de la Nueva Granada, no solo por su determinaci\u00f3n de contribuir a la estructuraci\u00f3n de la causa emancipadora, sino por sus muy importantes activos como intelectual derivados de su profesi\u00f3n de abogado, investigador y pol\u00edtico.\u201d Quienes dirigieron la reconquista, no encontraron otro camino que el fusilamiento cobarde e ignominioso, de quien con tanta claridad desenmascaraba el oprobio y condenaba el absolutismo imperante.\u201d<\/p>\n<p>\u201cCuando se cumplen doscientos a\u00f1os de este oprobioso asesinato, efectuado el 5 de octubre de 1816, el pa\u00eds tiene que rendir el justo tributo a quien todo lo merece y a quien debe estar grabado en las mentes de todas las generaciones, como uno de los padres inmortales de nuestra nacionalidad.\u201d<\/p>\n<p><strong>PABLO EMILIO RAM\u00cdREZ<\/strong><\/p>\n<p><strong>Foto: <\/strong><strong>Calendario 2017 Colombia<\/strong><\/p>\n<p>&nbsp; <\/p>\n","protected":false},"excerpt":{"rendered":"<p>El 5 de octubre del 2016, se cumplieron dos siglos del cruel y salvaje asesinado del ilustre jurisconsulto colombiano Camilo Torres Tenorio, ordenado por el sanguinario general espa\u00f1ol Pablo Morillo, en cumplimiento de las \u00f3rdenes emanadas del opresor rey Fernando VII, descendiente del criminoso rey Fernando el cat\u00f3lico, quien no tuvo inconveniente de asesinar a &hellip;<\/p>\n","protected":false},"author":1,"featured_media":29328,"comment_status":"open","ping_status":"open","sticky":false,"template":"","format":"standard","meta":{"footnotes":""},"categories":[14],"tags":[3485,3430],"class_list":["post-29327","post","type-post","status-publish","format-standard","has-post-thumbnail","hentry","category-articulistas","tag-camilo-torres-tenorio","tag-pablo-emilio-ramirez"],"_links":{"self":[{"href":"https:\/\/contraluzcucuta.co\/index.php?rest_route=\/wp\/v2\/posts\/29327","targetHints":{"allow":["GET"]}}],"collection":[{"href":"https:\/\/contraluzcucuta.co\/index.php?rest_route=\/wp\/v2\/posts"}],"about":[{"href":"https:\/\/contraluzcucuta.co\/index.php?rest_route=\/wp\/v2\/types\/post"}],"author":[{"embeddable":true,"href":"https:\/\/contraluzcucuta.co\/index.php?rest_route=\/wp\/v2\/users\/1"}],"replies":[{"embeddable":true,"href":"https:\/\/contraluzcucuta.co\/index.php?rest_route=%2Fwp%2Fv2%2Fcomments&post=29327"}],"version-history":[{"count":1,"href":"https:\/\/contraluzcucuta.co\/index.php?rest_route=\/wp\/v2\/posts\/29327\/revisions"}],"predecessor-version":[{"id":29329,"href":"https:\/\/contraluzcucuta.co\/index.php?rest_route=\/wp\/v2\/posts\/29327\/revisions\/29329"}],"wp:featuredmedia":[{"embeddable":true,"href":"https:\/\/contraluzcucuta.co\/index.php?rest_route=\/wp\/v2\/media\/29328"}],"wp:attachment":[{"href":"https:\/\/contraluzcucuta.co\/index.php?rest_route=%2Fwp%2Fv2%2Fmedia&parent=29327"}],"wp:term":[{"taxonomy":"category","embeddable":true,"href":"https:\/\/contraluzcucuta.co\/index.php?rest_route=%2Fwp%2Fv2%2Fcategories&post=29327"},{"taxonomy":"post_tag","embeddable":true,"href":"https:\/\/contraluzcucuta.co\/index.php?rest_route=%2Fwp%2Fv2%2Ftags&post=29327"}],"curies":[{"name":"wp","href":"https:\/\/api.w.org\/{rel}","templated":true}]}}