{"id":29324,"date":"2017-02-08T05:29:05","date_gmt":"2017-02-08T10:29:05","guid":{"rendered":"http:\/\/contraluzcucuta.co\/?p=29324"},"modified":"2017-02-08T05:29:05","modified_gmt":"2017-02-08T10:29:05","slug":"opinion-y-las-farc-ep-cumplieron","status":"publish","type":"post","link":"https:\/\/contraluzcucuta.co\/?p=29324","title":{"rendered":"OPINI\u00d3N. Y las Farc-EP cumplieron"},"content":{"rendered":"<p>Lo que hace muy poco tiempo parec\u00eda imposible, comenz\u00f3 a tornarse en una realidad palpable y objetiva. Los grandes destacamentos militares de las Farc-EP, agrupados en frentes guerrilleros, dan cumplimiento&nbsp; a lo pactado en los Acuerdos de Paz de La Habana e iniciaron su desplazamiento desde las profundidades de la selva, que los hab\u00eda acogido por m\u00e1s de 50 a\u00f1os, hacia las llamadas zonas veredales de normalizaci\u00f3n y transici\u00f3n (ZVNT), muy cerca de los poblados campesinos, donde deber\u00e1 iniciarse, en poco tiempo, la dejaci\u00f3n de las armas en manos de la ONU y la constituci\u00f3n del nuevo y esperanzador partido pol\u00edtico con el cual continuar\u00e1n luchando para lograr una&nbsp; sociedad m\u00e1s justa, incluyente y solidaria.&nbsp;<\/p>\n<p>De esta manera las Farc han dado una demostraci\u00f3n contundente y definitiva al pa\u00eds y al mundo, al cumplir los compromisos&nbsp; pactados en los Acuerdos, con una disciplina impecable, con su habitual l\u00ednea de mando demostrada durante el proceso y&nbsp; ratificada en estos hechos de actualidad,&nbsp; han conducido&nbsp; a m\u00e1s de 6000 guerrilleros, hasta &nbsp;los 26 sitios acordados, &nbsp;donde tendr\u00e1 lugar el desarme de la guerrilla.<\/p>\n<p>Esta es una de las mejores noticias que haya recibido la naci\u00f3n en toda su larga existencia. Quiz\u00e1s recuerdo las pocas fotograf\u00edas que se tomaron y se publicaron cuando el gobierno de Rojas Pinilla logr\u00f3 llegar a &nbsp;acuerdos con las famosas guerrillas liberales de los Llanos Orientales. Todav\u00eda visualizo al emblem\u00e1tico jefe guerrillero liberal Guadalupe Salcedo Unda, marchando al frente&nbsp; de sus hombres en una larga fila que se prolongaba en el llano, y parec\u00eda &nbsp;cubrir la inmensidad de la&nbsp; llanura. El gobierno de Rojas Pinilla incumpli\u00f3 los Acuerdos firmados y muy pronto, al final de su gobierno, Guadalupe Salcedo fue asesinado en una confusa discusi\u00f3n que se desat\u00f3 con un teniente de la polic\u00eda al sur de Bogot\u00e1. Todo qued\u00f3 all\u00ed, reducido a la nada. Los campesinos de los llanos siguieron esperando por a\u00f1os el cumplimiento de los puntos del Acuerdo, pero nada en concreto se logr\u00f3.<\/p>\n<p>Por esta raz\u00f3n, &nbsp;la sociedad colombiana y la opini\u00f3n internacional est\u00e1n pendientes de los nuevos acontecimientos, prestos a apoyar al gobierno del presidente Santos en el cumplimiento de lo firmado en La Habana. De todas maneras, hay que impedir que el Centro Democr\u00e1tico, del senador Uribe V\u00e9lez, junto a exponentes de una posici\u00f3n retr\u00f3grada y latifundista logren impedir desde el Congreso de la Rep\u00fablica el cumplimiento de los hier\u00e1ticos acuerdos firmados con las Farc, en los que el tema agrario es parte fundamental para superar el atraso que tenemos en el campo colombiano, motivo de lucha y &nbsp;protesta armada hace muchos a\u00f1os.<\/p>\n<p>Los retos&nbsp; que vienen son realmente grandes. Uno de los m\u00e1s importantes &nbsp;tiene que ver con la reincorporaci\u00f3n de los guerrilleros a la vida civil.&nbsp; Son hombres y mujeres que han decidido abandonar la lucha&nbsp; armada, &nbsp;cesar el enfrentamiento a muerte con los organismos de seguridad &nbsp;del Estado a cambio de tener una vida digna, donde sus aspiraciones pol\u00edticas esperan sean respetadas y tenidas en cuenta. El Estado y la comunidad Internacional no les pueden fallar. &nbsp;El Estatuto de la oposici\u00f3n debe proteger y garantizar&nbsp; el surgimiento del partido pol\u00edtico que nace al dejar las armas los combatientes de las Farc-EP. En el firmamento pol\u00edtico colombiano aparece un nuevo movimiento que aspira, con las herramientas que le brindan la Constituci\u00f3n y la democracia, a ser alternativa real de poder y materializar este compromiso con verdaderas reformas sociales, pol\u00edticas y econ\u00f3micas que permitan superar&nbsp; los rezagos feudales que arrastramos, y ser capaces de construir una nueva sociedad en paz, convivencia, equidad,&nbsp; inclusi\u00f3n, respeto y solidaridad.<\/p>\n<p>La entra\u00f1able fotograf\u00eda que dio la vuelta al mundo: una guerrillera portando en su hombro un&nbsp; fusil y en sus brazos un ni\u00f1o reci\u00e9n nacido, es quiz\u00e1s lo m\u00e1s conmovedor de la situaci\u00f3n que vivimos. Si&nbsp; se cumplen los acuerdos, este ni\u00f1o simbolizar\u00e1 el nacimiento de una nueva sociedad, en la que se garantizar\u00e1 trabajo, educaci\u00f3n y oportunidades para todos los colombianos. La madre guerrillera habr\u00e1 enterrado el fusil para&nbsp; siempre y esas dos manos podr\u00e1n con tranquilidad&nbsp; acariciar el fr\u00e1gil cuerpecito del hijo&nbsp; e incorporarse&nbsp; a la producci\u00f3n nacional que garantice que nunca m\u00e1s&nbsp; falte la comida y el estudio para nuestros ni\u00f1os.&nbsp;<\/p>\n<p>Iv\u00e1n M\u00e1rquez, el l\u00facido y emblem\u00e1tico dirigente&nbsp; guerrillero que supo conducir junto a Humberto de la Calle, delegado del presidente Santos, &nbsp;los di\u00e1logos de Paz en La&nbsp; Habana, a puerto seguro, &nbsp;dijo: \u201cEsta no es la \u00faltima marcha de una guerrilla, es la primera de un grupo de hombres y mujeres que ingresaran a la pol\u00edtica para buscar un mejor pa\u00eds\u201d. Queremos decirles a los dos dirigentes que todos los hombres y mujeres colombianas de buena voluntad los acompa\u00f1amos en esta honrosa y&nbsp; gratificante tarea de construir un nuevo proyecto de naci\u00f3n basado en la convivencia y en la justicia social para todos.<\/p>\n<p><strong>ALONSO OJEDA AWAD<\/strong><\/p>\n<p><strong>Vice. Presidente del Comit\u00e9 Permanente de Defensa de los DD.HH. (CPDH).<\/strong><\/p>\n<p><strong>Foto: <\/strong><strong>Violeta Stereo<\/strong><\/p>\n<p>&nbsp; <\/p>\n","protected":false},"excerpt":{"rendered":"<p>Lo que hace muy poco tiempo parec\u00eda imposible, comenz\u00f3 a tornarse en una realidad palpable y objetiva. Los grandes destacamentos militares de las Farc-EP, agrupados en frentes guerrilleros, dan cumplimiento&nbsp; a lo pactado en los Acuerdos de Paz de La Habana e iniciaron su desplazamiento desde las profundidades de la selva, que los hab\u00eda acogido &hellip;<\/p>\n","protected":false},"author":1,"featured_media":29325,"comment_status":"open","ping_status":"open","sticky":false,"template":"","format":"standard","meta":{"footnotes":""},"categories":[14],"tags":[3484,1874,3001],"class_list":["post-29324","post","type-post","status-publish","format-standard","has-post-thumbnail","hentry","category-articulistas","tag-campamentos-de-paz","tag-farc","tag-zonas-veredales"],"_links":{"self":[{"href":"https:\/\/contraluzcucuta.co\/index.php?rest_route=\/wp\/v2\/posts\/29324","targetHints":{"allow":["GET"]}}],"collection":[{"href":"https:\/\/contraluzcucuta.co\/index.php?rest_route=\/wp\/v2\/posts"}],"about":[{"href":"https:\/\/contraluzcucuta.co\/index.php?rest_route=\/wp\/v2\/types\/post"}],"author":[{"embeddable":true,"href":"https:\/\/contraluzcucuta.co\/index.php?rest_route=\/wp\/v2\/users\/1"}],"replies":[{"embeddable":true,"href":"https:\/\/contraluzcucuta.co\/index.php?rest_route=%2Fwp%2Fv2%2Fcomments&post=29324"}],"version-history":[{"count":1,"href":"https:\/\/contraluzcucuta.co\/index.php?rest_route=\/wp\/v2\/posts\/29324\/revisions"}],"predecessor-version":[{"id":29326,"href":"https:\/\/contraluzcucuta.co\/index.php?rest_route=\/wp\/v2\/posts\/29324\/revisions\/29326"}],"wp:featuredmedia":[{"embeddable":true,"href":"https:\/\/contraluzcucuta.co\/index.php?rest_route=\/wp\/v2\/media\/29325"}],"wp:attachment":[{"href":"https:\/\/contraluzcucuta.co\/index.php?rest_route=%2Fwp%2Fv2%2Fmedia&parent=29324"}],"wp:term":[{"taxonomy":"category","embeddable":true,"href":"https:\/\/contraluzcucuta.co\/index.php?rest_route=%2Fwp%2Fv2%2Fcategories&post=29324"},{"taxonomy":"post_tag","embeddable":true,"href":"https:\/\/contraluzcucuta.co\/index.php?rest_route=%2Fwp%2Fv2%2Ftags&post=29324"}],"curies":[{"name":"wp","href":"https:\/\/api.w.org\/{rel}","templated":true}]}}