{"id":29313,"date":"2017-02-05T18:53:23","date_gmt":"2017-02-05T23:53:23","guid":{"rendered":"http:\/\/contraluzcucuta.co\/?p=29313"},"modified":"2017-02-05T18:53:23","modified_gmt":"2017-02-05T23:53:23","slug":"politica-victor-suarez-con-cara-va-la-alcaldia-y-con-sello-la-camara","status":"publish","type":"post","link":"https:\/\/contraluzcucuta.co\/?p=29313","title":{"rendered":"POL\u00cdTICA. V\u00edctor Su\u00e1rez, con cara va a la Alcald\u00eda y con sello, a la C\u00e1mara"},"content":{"rendered":"<p><strong>C\u00daCUTA.-<\/strong> El expresidente del Concejo de C\u00facuta, V\u00edctor Su\u00e1rez, tiene en la mano la moneda pol\u00edtica y est\u00e1 listo para lanzarla al aire. Si cae cara escoger\u00e1 la Alcald\u00eda de C\u00facuta, cargo al que deseaba aspirar en los \u00faltimos comicios, pero dio un paso al costado por obediencia a los superiores. Si cae sello buscar\u00e1 una curul en la C\u00e1mara de Representantes, corporaci\u00f3n nueva, pero en la que cree se desempe\u00f1ar\u00e1 mejor que muchos de los actuales congresistas.<\/p>\n<p>El dirigente conservador entreg\u00f3 el 31 de diciembre la presidencia y al entregar el balance del trabajo ejecutado en los 12 meses da gracias a Dios, porque cumpli\u00f3 las metas y los objetivos propuestos cuando recibi\u00f3 el apoyo de los restantes 18 concejales para que estuviera al frente del cuerpo colegiado municipal. \u201cEntregamos un Concejo renovado, moderno, actualizado y al servicio de la comunidad\u201d. &nbsp;<\/p>\n<p>En el tiempo que lider\u00f3 las sesiones tuvo que lidiar con la elecci\u00f3n de Personero y Contralor. Pas\u00f3 largas horas en tribunales y juzgados para dirimir los conflictos suscitados por el proceso. Sali\u00f3 avante de esas visitas y ahora sonr\u00ede con mayor tranquilidad.<\/p>\n<p>La responsabilidad asumida en el 2015, no corresponde con la realidad de la labor que desempe\u00f1a el presidente. \u201cFue una presidencia muy trajinada, por los problemas jur\u00eddicos\u201d. Le quitaron el sue\u00f1o y las semanas para estar en casa, m\u00e1s de 1500 derechos de petici\u00f3n, 87 tutelas, 43 denuncias, m\u00e1s el trabajo administrativo, 23 procesos en continuidad, 87 proyectos de acuerdo. \u201cFue una presidencia agitada\u201d.<\/p>\n<p>Por fortuna, la relaci\u00f3n con los compa\u00f1eros de corporaci\u00f3n, representantes de diversas fuerzas pol\u00edticas, unas aliadas y otras de oposici\u00f3n, result\u00f3 buena. \u201cPienso que este es un \u2018Concejo de la gente y para la gente\u2019\u201d. Y a quienes tambi\u00e9n se desvelaron por cumplir los deberes adquiridos en las urnas, los catalog\u00f3 como \u201cgente admirable, que \u2026\u201d. Resalt\u00f3 la unidad de trabajo, a pesar de que al comienzo tres no estaban en el redil.<\/p>\n<p>Dos meses, todos compaginaron y se pusieron a trabajar. Ah\u00ed, cada cual en su butaca sabe que cuando debe decir no a alg\u00fan proyecto de acuerdo, a una proposici\u00f3n o a una solicitud, simplemente dice no. Las iniciativas las estudian, analizan, actualizan y las aprueban para beneficio de la ciudad.<\/p>\n<p>El momento de mayor dificultad V\u00edctor Su\u00e1rez lo vivi\u00f3 el d\u00eda que \u201cle pagaron a algunas personas para venir a tirar piedra a la entrada a la Alcald\u00eda\u201d. Ocurri\u00f3 en plena discusi\u00f3n para la elecci\u00f3n de Contralor y Personero. Tuvo que salir protegido por el Esmad para evitar golpes con los objetos contundentes que le lanzaron. \u201cUna situaci\u00f3n complicada\u201d.<\/p>\n<p>Tampoco fue f\u00e1cil, como ser humano, tener que aceptar diferentes posiciones en el Concejo en torno a las elecciones. \u201cNo fue f\u00e1cil la investigaci\u00f3n sobre los asuntos de Contralor\u00eda y Personer\u00eda para encontrar pro qu\u00e9 lopsm procesos ven\u00edan revisados de manera incorrecta\u201d. Otra dificultad surgi\u00f3 al negociar con la CUN para pagarle lo que se le deb\u00eda por la selecci\u00f3n de los candidatos y no arriesgarse a un problema de detrimento patrimonial.<\/p>\n<p>Reconoci\u00f3 que hubo situaciones complejas, pero vuelve a mirar al cielo para darle gracias a Dios porque sali\u00f3 bien librado de esta experiencia. \u201cPens\u00e9 en renunciar, en agosto. Hicimos una reuni\u00f3n privada de concejales para analizar ese tema, pero tuve el apoyo de todos mis compa\u00f1eros\u201d. Ese respaldo le dio la \u00faltima fuerza que necesitaba para completar el periodo que le correspond\u00eda, y sin defraudar a los jefes, a los electores y a quienes lo montaron en ese cargo.<\/p>\n<p>Al hablar de los momentos felices sonr\u00ede. Uno, compartir el D\u00eda del Empleado con los funcionarios de la corporaci\u00f3n; dos, la entrega de proyectos de acuerdo a favor de la ciudad; tres, respaldo a los programas comunidad-gobierno; cuarto, ver felices a las comunidades desfavorecidas; cinco, los instantes compartidos con los concejales.<\/p>\n<p>V\u00edctor Su\u00e1rez ha pasado tres periodos como concejal, m\u00e1s los \u00faltimos 14 meses. \u201cEstoy buscando la posibilidad de encontrar nuevos horizontes\u201d. Todo depende de la coyuntura pol\u00edtica que aparezca. Las determinaciones las dar\u00e1 a conocer en el momento indicado.<\/p>\n<p>Una posibilidad puede ser la Alcald\u00eda de C\u00facuta. \u201cEs un anhelo m\u00edo ser alcalde, pero desde que Dios nos d\u00e9 vida y salud la buscaremos en el trascurso del tiempo.<\/p>\n<p>Otra posibilidad es llegar a la C\u00e1mara de Representantes. \u201cNO depende de m\u00ed, sino del respaldo de un equipo pol\u00edtico y de la voluntad de Dios y del pueblo cucute\u00f1o\u201d.<\/p>\n<p>Ninguna respuesta concreta. Solo se sabe que est\u00e1 \u201cdispuesto a poner mi nombre para la Alcald\u00eda o para la C\u00e1mara. La moneda est\u00e1 en el aire, porque \u201ccualquiera de las dos opciones es v\u00e1lida\u201d.<\/p>\n<p><strong>RAFAEL ANTONIO PAB\u00d3N<\/strong><\/p>\n<p><strong><a href=\"mailto:rafaelpabon58@hotmail.com\">rafaelpabon58@hotmail.com<\/a><\/strong><\/p>\n<p><strong>Foto: Tomada de Internet<\/strong><\/p>\n<p>&nbsp; <\/p>\n","protected":false},"excerpt":{"rendered":"<p>C\u00daCUTA.- El expresidente del Concejo de C\u00facuta, V\u00edctor Su\u00e1rez, tiene en la mano la moneda pol\u00edtica y est\u00e1 listo para lanzarla al aire. Si cae cara escoger\u00e1 la Alcald\u00eda de C\u00facuta, cargo al que deseaba aspirar en los \u00faltimos comicios, pero dio un paso al costado por obediencia a los superiores. Si cae sello buscar\u00e1 &hellip;<\/p>\n","protected":false},"author":1,"featured_media":29314,"comment_status":"open","ping_status":"open","sticky":false,"template":"","format":"standard","meta":{"footnotes":""},"categories":[4,9],"tags":[226,1056,197,1729],"class_list":["post-29313","post","type-post","status-publish","format-standard","has-post-thumbnail","hentry","category-barra","category-politica","tag-alcaldia-de-cucuta","tag-candidatos-a-la-camara-de-representantes","tag-concejo-de-cucuta","tag-victor-suarez"],"_links":{"self":[{"href":"https:\/\/contraluzcucuta.co\/index.php?rest_route=\/wp\/v2\/posts\/29313","targetHints":{"allow":["GET"]}}],"collection":[{"href":"https:\/\/contraluzcucuta.co\/index.php?rest_route=\/wp\/v2\/posts"}],"about":[{"href":"https:\/\/contraluzcucuta.co\/index.php?rest_route=\/wp\/v2\/types\/post"}],"author":[{"embeddable":true,"href":"https:\/\/contraluzcucuta.co\/index.php?rest_route=\/wp\/v2\/users\/1"}],"replies":[{"embeddable":true,"href":"https:\/\/contraluzcucuta.co\/index.php?rest_route=%2Fwp%2Fv2%2Fcomments&post=29313"}],"version-history":[{"count":1,"href":"https:\/\/contraluzcucuta.co\/index.php?rest_route=\/wp\/v2\/posts\/29313\/revisions"}],"predecessor-version":[{"id":29315,"href":"https:\/\/contraluzcucuta.co\/index.php?rest_route=\/wp\/v2\/posts\/29313\/revisions\/29315"}],"wp:featuredmedia":[{"embeddable":true,"href":"https:\/\/contraluzcucuta.co\/index.php?rest_route=\/wp\/v2\/media\/29314"}],"wp:attachment":[{"href":"https:\/\/contraluzcucuta.co\/index.php?rest_route=%2Fwp%2Fv2%2Fmedia&parent=29313"}],"wp:term":[{"taxonomy":"category","embeddable":true,"href":"https:\/\/contraluzcucuta.co\/index.php?rest_route=%2Fwp%2Fv2%2Fcategories&post=29313"},{"taxonomy":"post_tag","embeddable":true,"href":"https:\/\/contraluzcucuta.co\/index.php?rest_route=%2Fwp%2Fv2%2Ftags&post=29313"}],"curies":[{"name":"wp","href":"https:\/\/api.w.org\/{rel}","templated":true}]}}