{"id":29305,"date":"2017-02-05T15:42:24","date_gmt":"2017-02-05T20:42:24","guid":{"rendered":"http:\/\/contraluzcucuta.co\/?p=29305"},"modified":"2017-02-05T16:25:16","modified_gmt":"2017-02-05T21:25:16","slug":"entrevista-londero-uno-de-los-graves-problemas-del-futbol-colombiano-es-la-dimayor","status":"publish","type":"post","link":"https:\/\/contraluzcucuta.co\/?p=29305","title":{"rendered":"ENTREVISTA. L\u00f3ndero: \u201cuno de los graves problemas del f\u00fatbol colombiano es la Dimayor"},"content":{"rendered":"<p><strong>\u00bfCu\u00e1ntas camisetas del C\u00facuta Deportivo guarda?<\/strong><\/p>\n<ul>\n<li>Ninguna. Ni de los dem\u00e1s equipos en los que jugu\u00e9 (7), ni de la selecci\u00f3n Colombia. Por burro.<\/li>\n<\/ul>\n<p>Hugo Horacio L\u00f3ndero est\u00e1 tranquilo. Descansa frente a la pantalla del televisor, en el recibidor del negocio, ve una pel\u00edcula y no se preocupa si avanza. Est\u00e1 sentado mientras los comensales degustan platos con sabor nacional o internacional. Este restaurante est\u00e1 pr\u00f3ximo a cumplir a\u00f1os.<\/p>\n<p>El argentino, nacido en &nbsp;Colonia Caroya, el 18 de septiembre 1946, lleg\u00f3 al C\u00facuta Deportivo, el 3 de febrero de 1971. De inmediato visti\u00f3 la camiseta 9 y el 28 de febrero inici\u00f3 la trayectoria de goleador. Al final del campeonato del f\u00fatbol profesional colombiano se coron\u00f3 m\u00e1ximo artillero con 30 anotaciones. Actualmente, es el tercer goleador en &nbsp;Colombia, con 205 goles.<\/p>\n<p>El rememorar esos momentos hist\u00f3ricos le arranca una sonrisa franca y palabras de agradecimiento, con ese vozarr\u00f3n que conserva el acento argentino. La sorpresa es grata, quiz\u00e1s hubiera querido gritar para que los clientes supieran cu\u00e1nto tiempo lleva en medio de los cucute\u00f1os. Prefiri\u00f3 retrotraerse y reconocer que sab\u00eda que hab\u00eda llegado a principios de febrero, pero no ten\u00eda en la memoria la fecha exacta.<\/p>\n<p><strong>\u00bfQu\u00e9 recuerda de ese momento?<\/strong><\/p>\n<ul>\n<li><em>Imag\u00ednese, una C\u00facuta tan distinta a la de estos momentos. Los recuerdos son los mejores, porque siempre se recuerda lo positivo, lo lindo, lo agradable, y una de esas fue haber llegado en esa \u00e9poca a C\u00facuta.<\/em><\/li>\n<\/ul>\n<p>Lleg\u00f3 con Fernando Ari\u00e1n, otro goleador. Aqu\u00ed pas\u00f3 dos a\u00f1os agradables, en las que destac\u00f3 por el rendimiento personal excelente y lo coronaron en dos oportunidades como el hombre que no perdonaba a los porteros. En 1972, marc\u00f3 27 goles, 3 menos que en la temporada anterior. Esas vivencias las tiene grabadas y las mantendr\u00e1 de por vida.<\/p>\n<p>Por la divisa rojinegra, cuando ten\u00eda como sede a la capital de Norte de Santander, pasaron muchos extranjeros. Unos llegaron y mantuvieron el remoquete de cracs; otros, ilusionaron a la afici\u00f3n y no alcanzaron el \u00e9xito; los dem\u00e1s solo vinieron a vestir la camiseta a manera de paseo y nada m\u00e1s. L\u00f3ndero hace parte del primer grupo.<\/p>\n<p>La amabilidad que exhibi\u00f3 en la cancha la conserva al hablar. No se compromete al emitir conceptos sobre los colegas. Es respetuoso, como cuando saluda con esa mano fuerte, r\u00fastica, m\u00e1s de arriero que de exfutbolista, a quien busca en el restaurante un plato exquisito, o un churrasco para quedarse con la banderita azul y blanco, con el sol en el centro, como recuerdo.<\/p>\n<p>A los buenos jugadores los grandes equipos los persiguen, los conquistan y se los llevan. Hugo Horacio, en 1973, migr\u00f3 a Medell\u00edn para lucir la 9 de Atl\u00e9tico Nacional. Ah\u00ed jug\u00f3 tres temporadas (1976 \u2013 1979) y cambi\u00f3 al rojo de la monta\u00f1a, con el que particip\u00f3 en tres campeonatos, cuando se jugaba todos contra todos y durante buena parte del a\u00f1o. Deportivo Pereira lo recibi\u00f3 en 1979 y en 1981 volvi\u00f3 a C\u00facuta para quemar los \u00faltimos cartuchos, marcar los \u00faltimos goles y radicarse hasta el sol de hoy.<\/p>\n<p><strong>\u00bfPor qu\u00e9 se qued\u00f3 en C\u00facuta?<\/strong><\/p>\n<ul>\n<li><em>Dios ten\u00eda previsto que este ser\u00eda mi lugar en el mundo. Llegu\u00e9 soltero a la ciudad y conoc\u00ed a la que todav\u00eda es mi esposa. Ese tambi\u00e9n es un v\u00ednculo importante para haberme quedado.<\/em><\/li>\n<\/ul>\n<p>Despu\u00e9s, se casaron, llegaron los hijos y termin\u00f3 la carrera profesional. Era una \u00e9poca distinta. Los futbolistas terminaban de jugar y al otro d\u00eda deb\u00edan salir a trabajar para mantener a la familia. La parte econ\u00f3mica ni se acerca a lo que ganan en estos momentos los deportistas.<\/p>\n<p>Al desatar por \u00faltima vez los cordones de los guayos y decirle adi\u00f3s al f\u00fatbol, a pesar de ser uno de los grandes exponentes en Colombia, tom\u00f3 la decisi\u00f3n de montar un negocio. Ten\u00eda claro que ser\u00eda un restaurante y que para alcanzar recordaci\u00f3n entre cucute\u00f1os, colombianos y venezolanos llevar\u00eda su primer apellido, el segundo pocos lo conocen (Secullini).<\/p>\n<p>Treintais\u00e9is a\u00f1os atr\u00e1s el jugador era profesional, amaba al f\u00fatbol, viv\u00eda enamorado del deporte y jugaba con pasi\u00f3n. Hoy, se crearon muchos ap\u00e9ndices alrededor que desvirt\u00faan el amor por el balompi\u00e9. Los deportistas piensan m\u00e1s en la parte econ\u00f3mica, los patrocinadores, las prebendas por ganar partidos y t\u00edtulos, y los traspasos.<\/p>\n<p><strong>\u00bfQu\u00e9 tanto le duele lo que le ocurre al C\u00facuta Deportivo?<\/strong><\/p>\n<ul>\n<li><em>Eso s\u00ed es doloroso, porque todav\u00eda no me alcanzo a explicar c\u00f3mo una instituci\u00f3n como el C\u00facuta puede desaparecer, porque s\u00ed no m\u00e1s. Tantos a\u00f1os de historia y de un plumazo viene un tipo y dice me llevo el equipo y se lo lleva. Nadie puede hacer nada, ni impedirlo. Me parece un absurdo. <\/em><\/li>\n<\/ul>\n<p>El C\u00facuta Deportivo volvi\u00f3 a la segunda categor\u00eda del f\u00fatbol profesional colombiano. Est\u00e1 en manos de Jos\u00e9 Augusto Cadena y participar\u00e1 lejos de la sede natural. Tendr\u00e1 como afici\u00f3n a los nativos de Zipaquir\u00e1 y de vez en cuando a un pu\u00f1ado de motilones que a\u00fan sue\u00f1an con la divisa rojinegra.<\/p>\n<p>L\u00f3ndero est\u00e1 seguro de que a los cucute\u00f1os les quitaron el derecho humano a la diversi\u00f3n, la recreaci\u00f3n y el deporte. Y sigue sin entender c\u00f3mo un donju\u00e1n cualquiera se lleva el equipo para otro lugar, distante de la otrora \u2018mejor afici\u00f3n\u2019 del pa\u00eds.<\/p>\n<p><strong>\u00bfQu\u00e9 cree que ocurri\u00f3 con el C\u00facuta?<\/strong><\/p>\n<ul>\n<li><em>Algo no funciona bien. Y uno no puede hacer nada m\u00e1s que protestar o decir lo que piensa. Creo que hay mucho que est\u00e1 mal, y se empieza por la Dimayor. Creo que uno de los graves problemas del f\u00fatbol colombiano es la Dimayor. Estoy convencido de eso. Me toc\u00f3 vivirlo en carne propia, por situaciones que no vienen al caso, pero no puede ser que al C\u00facuta le pase lo que le pas\u00f3.<\/em><\/li>\n<\/ul>\n<p>Hugo Horacio L\u00f3ndero debut\u00f3 en Gimnasia y Esgrima La Plata (Argentina) en 1967. En 1969, lleg\u00f3 a Colombia para vestir la camiseta escarlata de Am\u00e9rica de Cali. Permaneci\u00f3 12 a\u00f1os en el f\u00fatbol colombiano. Obtuvo el bot\u00edn de oro como m\u00e1ximo goleador en 1969, 1971 y 1972.<\/p>\n<p>Adquiri\u00f3 la nacionalidad colombiana y fue convocado por el t\u00e9cnico Efra\u00edn S\u00e1nchez. Jug\u00f3 tres partidos internacionales con la selecci\u00f3n en la Copa Am\u00e9rica (1975). En esa ocasi\u00f3n alcanzaron el subcampeonato. En los 475 partidos que jug\u00f3 en Argentina y en Colombia marc\u00f3 222 goles. Se retir\u00f3 en 1981, en C\u00facuta.<\/p>\n<p><strong>RAFAEL ANTONIO PAB\u00d3N<\/strong><\/p>\n<p><strong><a href=\"mailto:rafaelpabon58@hotmail.com\">rafaelpabon58@hotmail.com<\/a><\/strong><\/p>\n<p><strong>Foto: www.deleitese.co<\/strong><\/p>\n<p><strong>&nbsp;<\/strong> <\/p>\n","protected":false},"excerpt":{"rendered":"<p>\u00bfCu\u00e1ntas camisetas del C\u00facuta Deportivo guarda? Ninguna. Ni de los dem\u00e1s equipos en los que jugu\u00e9 (7), ni de la selecci\u00f3n Colombia. Por burro. Hugo Horacio L\u00f3ndero est\u00e1 tranquilo. Descansa frente a la pantalla del televisor, en el recibidor del negocio, ve una pel\u00edcula y no se preocupa si avanza. Est\u00e1 sentado mientras los comensales &hellip;<\/p>\n","protected":false},"author":1,"featured_media":29306,"comment_status":"open","ping_status":"open","sticky":false,"template":"","format":"standard","meta":{"footnotes":""},"categories":[4,28],"tags":[192,1396,301,3483],"class_list":["post-29305","post","type-post","status-publish","format-standard","has-post-thumbnail","hentry","category-barra","category-vistazo-deportivo","tag-cucuta-deportivo","tag-dimayor","tag-futbol-profesional-colombiano","tag-hugo-horacio-londero"],"_links":{"self":[{"href":"https:\/\/contraluzcucuta.co\/index.php?rest_route=\/wp\/v2\/posts\/29305","targetHints":{"allow":["GET"]}}],"collection":[{"href":"https:\/\/contraluzcucuta.co\/index.php?rest_route=\/wp\/v2\/posts"}],"about":[{"href":"https:\/\/contraluzcucuta.co\/index.php?rest_route=\/wp\/v2\/types\/post"}],"author":[{"embeddable":true,"href":"https:\/\/contraluzcucuta.co\/index.php?rest_route=\/wp\/v2\/users\/1"}],"replies":[{"embeddable":true,"href":"https:\/\/contraluzcucuta.co\/index.php?rest_route=%2Fwp%2Fv2%2Fcomments&post=29305"}],"version-history":[{"count":2,"href":"https:\/\/contraluzcucuta.co\/index.php?rest_route=\/wp\/v2\/posts\/29305\/revisions"}],"predecessor-version":[{"id":29312,"href":"https:\/\/contraluzcucuta.co\/index.php?rest_route=\/wp\/v2\/posts\/29305\/revisions\/29312"}],"wp:featuredmedia":[{"embeddable":true,"href":"https:\/\/contraluzcucuta.co\/index.php?rest_route=\/wp\/v2\/media\/29306"}],"wp:attachment":[{"href":"https:\/\/contraluzcucuta.co\/index.php?rest_route=%2Fwp%2Fv2%2Fmedia&parent=29305"}],"wp:term":[{"taxonomy":"category","embeddable":true,"href":"https:\/\/contraluzcucuta.co\/index.php?rest_route=%2Fwp%2Fv2%2Fcategories&post=29305"},{"taxonomy":"post_tag","embeddable":true,"href":"https:\/\/contraluzcucuta.co\/index.php?rest_route=%2Fwp%2Fv2%2Ftags&post=29305"}],"curies":[{"name":"wp","href":"https:\/\/api.w.org\/{rel}","templated":true}]}}