{"id":29299,"date":"2017-02-05T10:13:26","date_gmt":"2017-02-05T15:13:26","guid":{"rendered":"http:\/\/contraluzcucuta.co\/?p=29299"},"modified":"2017-02-06T21:26:45","modified_gmt":"2017-02-07T02:26:45","slug":"charla-con-agueda-gallardo-no-firme-el-acta-de-independencia-por-prohibiciones-politicas","status":"publish","type":"post","link":"https:\/\/contraluzcucuta.co\/?p=29299","title":{"rendered":"CHARLA CON\u2026 Agueda Gallardo, \u2018no firm\u00e9 el acta de independencia por prohibiciones pol\u00edticas\u2019"},"content":{"rendered":"<p>Este 5 de febrero se cumplieron 266 a\u00f1os del nacimiento de Mar\u00eda \u00c1gueda Gallardo Guerrero. Los pamploneses la recuerdan por haber sido esa mujer de car\u00e1cter fuerte que encabez\u00f3 los actos revolucionaros para alcanzar la independencia del yugo espa\u00f1ol. Los abusos del virreinato de Nueva Granada colmaron la paciencia de hombres y mujeres, que un d\u00eda decidieron enfrentar al gobernador Juan Bast\u00fa y derrocarlo.<\/p>\n<p>Sus padres y hermanos tambi\u00e9n sirvieron a la causa patriota. De esta vida de entrega por la libertad, solo le queda un sabor amargo, no haber firmado el acta de independencia. No lo hizo porque las mujeres, en esa \u00e9poca, no pod\u00edan participar en pol\u00edtica.<\/p>\n<p><strong>\u00bfNombre?<\/strong><\/p>\n<p>Mar\u00eda \u00c1gueda del Sagrado Coraz\u00f3n Gallardo Guerrero<\/p>\n<p><strong>\u00bfLugar y fecha de nacimiento?<\/strong><\/p>\n<p>Pamplona (Norte de Santander), el 5 de febrero de 1751<\/p>\n<p><strong>\u00bfQui\u00e9nes fueron sus padres?<\/strong><\/p>\n<p>Don Jos\u00e9 Gallardo y do\u00f1a Rosa Guerrero. Se casaron el 4 de octubre de 1746, en la Iglesia Mayor de Nuestra Se\u00f1ora de las Nieves. Mis hermanos son Ignacio Tom\u00e1s, Mar\u00eda \u00c1gueda, B\u00e1rbara Casilda, Antonio Ignacio, Jos\u00e9 Javier y Rafael Emigdio. Jos\u00e9 Mar\u00eda, Isidro y Bruno, fueron soldados.<\/p>\n<p><strong>\u00bfPor qu\u00e9 se cas\u00f3 a tan temprana edad?<\/strong><\/p>\n<p>Cuando me cas\u00e9 ten\u00eda 16 a\u00f1os. Mi esposo fue don Juan Antonio de Villamizar y Pe\u00f1a. Eso ocurri\u00f3 el 5 de agosto de 1767.<\/p>\n<p><strong>\u00bfQui\u00e9n era su esposo?<\/strong><\/p>\n<p>Se desempe\u00f1\u00f3 como teniente corregidor de la Provincia de Pamplona, Alcalde de la Santa Hermandad de San Pedro, sargento del ej\u00e9rcito comunero, corregidor y justicia mayor de la Provincia y pertenec\u00eda a una de las familias m\u00e1s adineradas de la regi\u00f3n.<\/p>\n<p><strong>\u00bfQu\u00e9 recuerda de Juan Bast\u00fas y Faya?<\/strong><\/p>\n<p>En 1808 lleg\u00f3 a Pamplona como gobernador. Era catal\u00e1n y abogado de profesi\u00f3n. Quiso cambiar las costumbres de la poblaci\u00f3n y la forma de vestir de los cabildantes, quienes asist\u00edan a las sesiones en alpargatas, sombrero y ruana.<\/p>\n<p><strong>\u00bfY ustedes aceptaron esas imposiciones?<\/strong><\/p>\n<p>No se\u00f1or. Dos de mis hermanos eran &nbsp;miembros del Cabildo y fueron reacios a esas imposiciones. Ah\u00ed comenzaron las desavenencias.<\/p>\n<p><strong>\u00bfC\u00f3mo comenz\u00f3 la oposici\u00f3n o conspiraci\u00f3n?<\/strong><\/p>\n<p>En mi casa comenzaron a efectuarse tertulias, cuyo tema central era La Independencia.<\/p>\n<p><strong>\u00bfCu\u00e1l fue el primer choque con el Gobernador?<\/strong><\/p>\n<p>El 29 de junio de 1810, en la noche, un grupo de ciudadanos &nbsp;sali\u00f3 con m\u00fasica a la Plaza Principal para celebrar la festividad de San Pedro; de pronto se present\u00f3 Bast\u00fas y orden\u00f3 la suspensi\u00f3n de la fiesta y el retiro a casa.<\/p>\n<p><strong>\u00bfPor qu\u00e9 la discusi\u00f3n se dio con usted?<\/strong><\/p>\n<p>Porque era la responsable del acto desobediencia. Imag\u00ednese, para cualquier actividad, por peque\u00f1a que fuera, ten\u00eda que autorizarla el Gobernador. Se sinti\u00f3 burlado y encolerizado disolvi\u00f3 la celebraci\u00f3n.<\/p>\n<p><strong>\u00bfAl otro d\u00eda lleg\u00f3 la represalia?<\/strong><\/p>\n<p>S\u00ed se\u00f1or. Corri\u00f3 el rumor que mediante Decreto se ordenar\u00eda mi apresamiento y la incautaci\u00f3n de mis bienes por considerar el acto de la noche anterior, como asonada.<\/p>\n<p><strong>\u00bfY qu\u00e9 hizo?<\/strong><\/p>\n<p>Inmediatamente, hermanos y familiares organizaron mi partida, y sigilosamente sal\u00ed de la ciudad a refugiarme en una hacienda, en La Garita.<\/p>\n<p><strong>\u00bfAl poco tiempo volvi\u00f3 a encontrarse con Bast\u00fas? <\/strong><\/p>\n<p>Ocurri\u00f3 el 4 de julio, &nbsp;en la Plaza Principal. Entablamos una acalorada conversaci\u00f3n y ante las insolentes palabras del Gobernador, le arrebat\u00e9 el bast\u00f3n de mando.<\/p>\n<p>\u00bfC\u00f3mo reaccionaron los pamploneses?<\/p>\n<p>Inmediatamente, se amotinaron alrededor, me apoyaron, rodearon a Juan Bast\u00fas y enfurecidos lo condujeron preso al segundo piso de la <strong>Casa del Cabildo.<\/strong><\/p>\n<p>\u00bfAs\u00ed se dio la independencia de Pamplona?<\/p>\n<p>Los amotinados eran de todas las clases sociales y solicitaron Cabildo Abierto. Se conform\u00f3 la Junta Revolucionaria, se organiz\u00f3 el Batall\u00f3n de Milicias, se envi\u00f3 comunicaci\u00f3n a todos los cabildos sobre los hechos ocurridos en Pamplona.<\/p>\n<p><strong>\u00bfQu\u00e9 sigui\u00f3 en los d\u00edas postreros?<\/strong><\/p>\n<p>El 31 de julio, se firm\u00f3 Acta de Independencia y se remplazaron las autoridades espa\u00f1olas.<\/p>\n<p><strong>\u00bfAlg\u00fan reproche de su parte?<\/strong><\/p>\n<p>S\u00ed, por culpa de las caracter\u00edsticas patriarcales de la \u00e9poca colonial, las mujeres no ten\u00edamos derecho a participar en pol\u00edtica. En consecuencia no aparezco como firmantes del &nbsp;acta de independencia.<\/p>\n<p><strong>\u00bfD\u00f3nde falleci\u00f3?<\/strong><\/p>\n<p>En mi residencia, en Pamplona, en 1840. La casona se conserva como parte del patrimonio hist\u00f3rico y cultural.<\/p>\n<p>Entrevista adaptada de <a href=\"http:\/\/www.bicentenarioindependencia.gov.co\">http:\/\/www.bicentenarioindependencia.gov.co<\/a><\/p>\n<p><strong>RAFAEL ANTONIO PAB\u00d3N<\/strong><\/p>\n<p><strong><a href=\"mailto:rafaelpabon58@hotmail.com\">rafaelpabon58@hotmail.com<\/a><\/strong><\/p>\n<p><strong>Foto:&nbsp;MIGUEL PALACIOS<\/strong> <\/p>\n","protected":false},"excerpt":{"rendered":"<p>Este 5 de febrero se cumplieron 266 a\u00f1os del nacimiento de Mar\u00eda \u00c1gueda Gallardo Guerrero. Los pamploneses la recuerdan por haber sido esa mujer de car\u00e1cter fuerte que encabez\u00f3 los actos revolucionaros para alcanzar la independencia del yugo espa\u00f1ol. Los abusos del virreinato de Nueva Granada colmaron la paciencia de hombres y mujeres, que un &hellip;<\/p>\n","protected":false},"author":1,"featured_media":29321,"comment_status":"open","ping_status":"open","sticky":false,"template":"","format":"standard","meta":{"footnotes":""},"categories":[51,4],"tags":[3481,1681,3482],"class_list":["post-29299","post","type-post","status-publish","format-standard","has-post-thumbnail","hentry","category-charlas-con","category-barra","tag-agueda-gallardo","tag-charlas-con-2","tag-independencia-de-pamplona"],"_links":{"self":[{"href":"https:\/\/contraluzcucuta.co\/index.php?rest_route=\/wp\/v2\/posts\/29299","targetHints":{"allow":["GET"]}}],"collection":[{"href":"https:\/\/contraluzcucuta.co\/index.php?rest_route=\/wp\/v2\/posts"}],"about":[{"href":"https:\/\/contraluzcucuta.co\/index.php?rest_route=\/wp\/v2\/types\/post"}],"author":[{"embeddable":true,"href":"https:\/\/contraluzcucuta.co\/index.php?rest_route=\/wp\/v2\/users\/1"}],"replies":[{"embeddable":true,"href":"https:\/\/contraluzcucuta.co\/index.php?rest_route=%2Fwp%2Fv2%2Fcomments&post=29299"}],"version-history":[{"count":3,"href":"https:\/\/contraluzcucuta.co\/index.php?rest_route=\/wp\/v2\/posts\/29299\/revisions"}],"predecessor-version":[{"id":29323,"href":"https:\/\/contraluzcucuta.co\/index.php?rest_route=\/wp\/v2\/posts\/29299\/revisions\/29323"}],"wp:featuredmedia":[{"embeddable":true,"href":"https:\/\/contraluzcucuta.co\/index.php?rest_route=\/wp\/v2\/media\/29321"}],"wp:attachment":[{"href":"https:\/\/contraluzcucuta.co\/index.php?rest_route=%2Fwp%2Fv2%2Fmedia&parent=29299"}],"wp:term":[{"taxonomy":"category","embeddable":true,"href":"https:\/\/contraluzcucuta.co\/index.php?rest_route=%2Fwp%2Fv2%2Fcategories&post=29299"},{"taxonomy":"post_tag","embeddable":true,"href":"https:\/\/contraluzcucuta.co\/index.php?rest_route=%2Fwp%2Fv2%2Ftags&post=29299"}],"curies":[{"name":"wp","href":"https:\/\/api.w.org\/{rel}","templated":true}]}}