{"id":29296,"date":"2017-02-04T18:20:40","date_gmt":"2017-02-04T23:20:40","guid":{"rendered":"http:\/\/contraluzcucuta.co\/?p=29296"},"modified":"2017-02-04T18:20:40","modified_gmt":"2017-02-04T23:20:40","slug":"relato-cuando-expire-la-danza-de-los-lapices","status":"publish","type":"post","link":"https:\/\/contraluzcucuta.co\/?p=29296","title":{"rendered":"RELATO. Cuando expire la danza de los l\u00e1pices"},"content":{"rendered":"<p>Convencido estoy de haber manejado al comienzo de mi vida escolar serias dificultades para dominar el l\u00e1piz, ese mismo con el cual pude aprender a escribir aquella primera palabra de sentida significaci\u00f3n pronunciada por el hombre al comenzar sus graciosos balbuceos: \u201cMam\u00e1\u201d.<\/p>\n<p>Pasados los d\u00edas y con la pasi\u00f3n, compasi\u00f3n y abnegada paciencia de mi primera maestra, logr\u00e9 destrabar los torpes movimientos un tanto desatinados para trazar rayas y c\u00edrculos poco definidos, sin que estos coincidieran con los renglones asignados a seguir una est\u00e9tica, caracter\u00edstica de la buena escritura. Sin embargo, con la r\u00edtmica voz de la maestra y sus silenciosos versos, parec\u00edan dibujarse pentagramas simulados en aquellos renglones para trascribir las figuras que habr\u00edan de construir la sencillez del ambiente gr\u00e1fico de palabras que comenzaba a trazar como aprendiz. \u00a1Claro! Mi l\u00facida maestra cont\u00f3 con su mente evolucionada, mientras mi min\u00fasculo ser daba pasos hacia la transformaci\u00f3n corporal y mental, lo cual se conjug\u00f3 para lograr efectivos cambios.<\/p>\n<p>Con los a\u00f1os, luego de superar multiplicidad de inconvenientes, llegu\u00e9 a constituirme en un miembro m\u00e1s de ese para m\u00ed desconocido y alucinante espacio del maestro, camino en el cual sigo siendo aprendiz en un mundo dominado por la tecnolog\u00eda y la deshumanizaci\u00f3n de la humanidad, la que se ve inmersa en el uso de las nuevas formas de aprendizaje, sin asumir las diferencias en el proceso evolutivo del hombre.<\/p>\n<p>Hoy, en el ejercicio de lo definido para mi vida, me asaltan temores respecto a ser ciudadano del mundo, no por rechazar esta posibilidad, pero s\u00ed por el p\u00e1nico ante la amenazante expiraci\u00f3n de la danza de los l\u00e1pices. Por eso, al rememorar la escritura de mis primeras letras comprend\u00ed la escritura del amor, lo cual me condujo a sentirlo y compartirlo, precisamente, con ese instrumento consejero en secreto que me encauz\u00f3 a efectuar los primeros trazos de sentimientos, al igual que me permiti\u00f3 con su siempre activo borrador corregir los errores, esos intrusos que en medio de la vida me han causado sentido arrepentimiento.<\/p>\n<p>Al formar ciudadanos del mundo debo entrar en conflicto, pues de un lado espero que se contin\u00faen tejiendo las coreograf\u00edas trazadas por los l\u00e1pices, cuando en armon\u00eda y secuencia r\u00edtmica unan letras transformadas en palabras y estas a su vez sean dirigidas para en su escritura definir la composici\u00f3n de los poemas que le permitan al hombre recuperar su dignidad. Pero, por otro, deseo dominar el cerebro de la tecnolog\u00eda para con ella a mi favor demostrar la sensibilidad del hombre, contra la frialdad de las m\u00e1quinas que nos han conducido hacia la automatizaci\u00f3n y devaluaci\u00f3n de sentimientos.<\/p>\n<p>El preciso recordar que en ese proceso de aprendizaje para hacer danzar el l\u00e1piz, la motricidad de las peque\u00f1as manos fundamenta el c\u00e1ntico silencioso que hace mover a uno y otro lado, con r\u00edtmico andar, esa min\u00fascula punta de carboncillo que temerosamente dibuja las primeras letras para luego adornarlas como danzas de colores.<\/p>\n<p>Lograda la tarea en el baile de los l\u00e1pices con figuras casi musicales unidas a la planimetr\u00eda de la vida, seguros estaremos al introducirnos en el sorprendente mundo de la tecnolog\u00eda, para hacer de ella un medio y no una necesidad imperante que nos arrebate la felicidad de vivir, conduci\u00e9ndonos as\u00ed a ser no solamente ciudadanos del mundo, sino habitantes que sienten, vibran y sue\u00f1an con su realidad, la cual se trasforma a medida que evoluciona el cuerpo unido al pensamiento.<\/p>\n<p>Y as\u00ed como &nbsp;en la dualidad escrita por William Shakespeare: \u201cser o no ser, esa es la cuesti\u00f3n. \u00bfCu\u00e1l es m\u00e1s digna acci\u00f3n del \u00e1nimo, sufrir los tiros penetrantes de la fortuna injusta, u oponer los brazos a este torrente de calamidades, y darles fin con atrevida resistencia?\u2026\u201d, no podr\u00eda quedar tranquilo si el sue\u00f1o de existencia del l\u00e1piz para la aparici\u00f3n de constantes poemas de vida y calor humano queden supeditados a que como en Hamlet, ocurra solamente en el silencio de los sepulcros.<\/p>\n<p>Ser ciudadanos del mundo s\u00ed y&nbsp; ante la posible extinci\u00f3n de la danza de los l\u00e1pices que en armon\u00eda traza l\u00edneas coreogr\u00e1ficas de letras trasformadoras, las cuales se constituyen en el consejo h\u00e1bil que con tenues formas nos transporta hacia el interior para no dejarnos salir de un mundo en el que la humanidad tiene su m\u00e1s reconocida presencia, que no sea la tecnolog\u00eda la due\u00f1a de nuestra voluntad hasta convertirnos en los serviles del silencio que ronda en los hogares, desarraigando al hombre de su conexi\u00f3n social con quienes lo rodean.<\/p>\n<p>Ciudadanos del mundo s\u00ed, pero sin perder la humanidad. Que no sea la tecnolog\u00eda el nuevo amo que conquista esclavos para el consumismo global, pero s\u00ed aquel medio que nos permita ser los ciudadanos del cosmos.<\/p>\n<p><strong>FERNANDO CA\u00d1AS CAMARGO<\/strong><\/p>\n<p><strong><a href=\"mailto:fernankce@hotmail.com\">fernankce@hotmail.com<\/a><\/strong><\/p>\n<p><strong>Foto: <a href=\"http:\/\/www.whiteblaizer.com\">www.whiteblaizer.com<\/a><\/strong> <\/p>\n","protected":false},"excerpt":{"rendered":"<p>Convencido estoy de haber manejado al comienzo de mi vida escolar serias dificultades para dominar el l\u00e1piz, ese mismo con el cual pude aprender a escribir aquella primera palabra de sentida significaci\u00f3n pronunciada por el hombre al comenzar sus graciosos balbuceos: \u201cMam\u00e1\u201d. Pasados los d\u00edas y con la pasi\u00f3n, compasi\u00f3n y abnegada paciencia de mi &hellip;<\/p>\n","protected":false},"author":1,"featured_media":29297,"comment_status":"open","ping_status":"open","sticky":false,"template":"","format":"standard","meta":{"footnotes":""},"categories":[14,4],"tags":[2749,3480,3479],"class_list":["post-29296","post","type-post","status-publish","format-standard","has-post-thumbnail","hentry","category-articulistas","category-barra","tag-articulistas-contraluz","tag-fernando-canas","tag-la-danza-de-los-lapices"],"_links":{"self":[{"href":"https:\/\/contraluzcucuta.co\/index.php?rest_route=\/wp\/v2\/posts\/29296","targetHints":{"allow":["GET"]}}],"collection":[{"href":"https:\/\/contraluzcucuta.co\/index.php?rest_route=\/wp\/v2\/posts"}],"about":[{"href":"https:\/\/contraluzcucuta.co\/index.php?rest_route=\/wp\/v2\/types\/post"}],"author":[{"embeddable":true,"href":"https:\/\/contraluzcucuta.co\/index.php?rest_route=\/wp\/v2\/users\/1"}],"replies":[{"embeddable":true,"href":"https:\/\/contraluzcucuta.co\/index.php?rest_route=%2Fwp%2Fv2%2Fcomments&post=29296"}],"version-history":[{"count":1,"href":"https:\/\/contraluzcucuta.co\/index.php?rest_route=\/wp\/v2\/posts\/29296\/revisions"}],"predecessor-version":[{"id":29298,"href":"https:\/\/contraluzcucuta.co\/index.php?rest_route=\/wp\/v2\/posts\/29296\/revisions\/29298"}],"wp:featuredmedia":[{"embeddable":true,"href":"https:\/\/contraluzcucuta.co\/index.php?rest_route=\/wp\/v2\/media\/29297"}],"wp:attachment":[{"href":"https:\/\/contraluzcucuta.co\/index.php?rest_route=%2Fwp%2Fv2%2Fmedia&parent=29296"}],"wp:term":[{"taxonomy":"category","embeddable":true,"href":"https:\/\/contraluzcucuta.co\/index.php?rest_route=%2Fwp%2Fv2%2Fcategories&post=29296"},{"taxonomy":"post_tag","embeddable":true,"href":"https:\/\/contraluzcucuta.co\/index.php?rest_route=%2Fwp%2Fv2%2Ftags&post=29296"}],"curies":[{"name":"wp","href":"https:\/\/api.w.org\/{rel}","templated":true}]}}