{"id":29240,"date":"2017-01-25T21:25:08","date_gmt":"2017-01-26T02:25:08","guid":{"rendered":"http:\/\/contraluzcucuta.co\/?p=29240"},"modified":"2017-01-26T13:16:35","modified_gmt":"2017-01-26T18:16:35","slug":"entrevista-la-presencia-de-secretarias-rescatara-al-cc-las-mercedes-fabio-huertas","status":"publish","type":"post","link":"https:\/\/contraluzcucuta.co\/?p=29240","title":{"rendered":"ENTREVISTA. La presencia de Secretar\u00edas rescatar\u00e1 al CC Las Mercedes: Fabio Huertas"},"content":{"rendered":"<p><strong>\u00bfQu\u00e9 futuro le ve al Centro Comercial Las Mercedes?<\/strong><\/p>\n<ul>\n<li><em>Habiendo gobierno puede ser m\u00e1s interesante. Hay que manejar una promoci\u00f3n permanente hacia el lugar y tener algunos servicios. Las cafeter\u00edas son estrechas, debe tener una plaza gourmet donde la gente tenga d\u00f3nde comprar alimentos y diversi\u00f3n.<\/em><\/li>\n<\/ul>\n<p>Los cucute\u00f1os de dos generaciones atr\u00e1s recuerdan la C\u00e1rcel Modelo, en las avenidas 6 y 7 con calles 5 y 6, como ese edificio tenebroso en el que los maleantes purgaban penas. Luego, tras la construcci\u00f3n de la penitenciar\u00eda en inmediaciones de El Salado, el Gobierno cedi\u00f3 el inmueble al municipio.<\/p>\n<p>Pasaron muchos a\u00f1os y largas administraciones hasta la llegada de Donamaris Ram\u00edrez a la Alcald\u00eda. El mandatario cucute\u00f1o vision\u00f3 en el antiguo penal la soluci\u00f3n a uno de los problemas arraigados en las calles locales. Los vendedores ambulantes podr\u00edan tener ah\u00ed el mejor espacio para desarrollar la actividad sin exponerse a la inclemencia del clima.<\/p>\n<p>A pesar de las ofertas oficiales, de las restricciones impuestas para la permanencia en las v\u00edas y de las acciones policiales para llevarlos al reci\u00e9n trasformado Centro Comercial Las Mercedes, los informales no acataron las recomendaciones y continuaron en el asfalto. Ahora, los locales comerciales se combinan con despachos municipales. Hay otra vida.<\/p>\n<p>Fabio Huertas, en el pasado reciente, ofici\u00f3 como consultor de la administraci\u00f3n municipal para el Centro Comercial Las Mercedes. Tuvo el encargo de promoverlo y le encomendaron la tarea de sacar avante la campa\u00f1a de arrendar en mil pesos cada local. Solo pagaban la administraci\u00f3n. La falta de apoyo del gobierno no permiti\u00f3 que la publicidad llamara la afluencia del p\u00fablico.<\/p>\n<p><strong>\u00bfCu\u00e1l es la historia del Centro Comercial Las Mercedes?<\/strong><\/p>\n<ul>\n<li><em>Fue una alianza entre Cenabastos y la Alcald\u00eda de C\u00facuta. Ambos aportaron el 50 por ciento y otro porcentaje la constructora de Pedro Barriga, que se qued\u00f3 con unos locales de la avenida 6. Esta construcci\u00f3n se hizo pensando en los peque\u00f1os comerciantes y para desalojar a los vendedores ambulantes del centro de la ciudad. <\/em><\/li>\n<\/ul>\n<p><strong>\u00bfPor qu\u00e9 no funcionaron las ofertas? <\/strong><\/p>\n<ul>\n<li><em>Porque en ese momento hab\u00eda mucho desorden en el centro de la ciudad provocado por los vendedores ambulantes. En conclusi\u00f3n, la administraci\u00f3n de Donamaris les ofreci\u00f3 a los industriales la oportunidad de tener una vitrina de exhibici\u00f3n, pero necesitaba promoci\u00f3n y no se dio. <\/em><\/li>\n<\/ul>\n<p>&nbsp;<\/p>\n<p>Como paliativo a la situaci\u00f3n se propuso llevar algunas oficinas de la Alcald\u00eda. Esa idea tampoco cont\u00f3 con respaldo y a pesar de los constantes anuncios de Ram\u00edrez no cuaj\u00f3. Ahora, el gobierno de C\u00e9sar Rojas decidi\u00f3, &nbsp;a partir del 2 de enero, trasladar las secretar\u00edas de Infraestructura, Equidad de G\u00e9nero, Banco del Progreso, Bienestar Social, Sisb\u00e9n y Seguridad Ciudadana<\/p>\n<p>En un comienzo eran 220 locales dispuestos para los vendedores. Para el funcionamiento de las dependencias municipales la Alcald\u00eda tom\u00f3 el 40 por ciento.<\/p>\n<p><strong>\u00bfLlevar las oficinas de la Alcald\u00eda es buena idea?<\/strong><\/p>\n<ul>\n<li><em>Es buena, porque el despeje de la zona permite que fluya la gente. A parte, una buena vigilancia policial puede garantizar la seguridad. En general, el flujo de p\u00fablico es lo que hace atractivo a un centro comercial.<\/em><\/li>\n<\/ul>\n<p>&nbsp;<\/p>\n<p><strong>\u00bfQu\u00e9 inconvenientes surgieron en el pasado para el funcionamiento del centro comercial?<\/strong><\/p>\n<ul>\n<li><em>Algo que en su momento tampoco se permit\u00eda era vendedores de granos. Inevitablemente, les toc\u00f3 aceptarlos, porque hay que generar p\u00fablico. El centro comercial debe tener un puente que lo comunique con los estacionamientos de la avenida sexta. Nunca se ha hecho y era una promesa del constructor Pedro Barriga. Nunca se hizo.<\/em><\/li>\n<\/ul>\n<p><strong>\u00bfY los estacionamientos?<\/strong><\/p>\n<ul>\n<li><em>A parte de eso, tiene un grave problema y es que no tiene estacionamientos. Ahora, parece ser que en la entrada donde se debe levantar el puente, la sellaron. Todo eso perjudica al centro comercial.<\/em><\/li>\n<\/ul>\n<p>&nbsp;<\/p>\n<p>Los vendedores alegaron, para no posesionarse del centro comercial, que la falta de promoci\u00f3n los perjudicaba. La idea era convertirlo en la feria de mostrar de la ciudad. Ah\u00ed estar\u00edan representantes de las f\u00e1bricas, pero hab\u00eda que tener una log\u00edstica, traer mercanc\u00eda de buena calidad, a buen precio, hacer rondas de negocios y tener una sala VIP. Infortunadamente, en su momento, la secretar\u00eda de Desarrollo no hizo la tarea y dur\u00f3 abandonado buen tiempo.<\/p>\n<p>Fabio Huertas se\u00f1ala a la secretar\u00eda de Desarrollo como la gran culpable del fracaso, porque no ten\u00eda funcionarios id\u00f3neos en mercadeo ni en manejo de negocios. Adem\u00e1s, responsabiliza a las burocracias que, a veces, llegan&nbsp; con intereses partidistas y no son capaces de manejar la ciudad. Cree que la regi\u00f3n est\u00e1 frustrada, porque los que est\u00e1n al frente desconocen el manejo de lo que puede ofrecerse como industria.<\/p>\n<p>&nbsp;<\/p>\n<p><strong>\u00bfLa cercan\u00eda con el Canal Bogot\u00e1 y los bares de la octava afecta la imagen del centro comercial?<\/strong><\/p>\n<ul>\n<li><em>Perjudica la imagen, enormemente. Hace a\u00f1os dijimos que la ciudad debe tener una nueva zona de tolerancia. Eso no tiene nada de malo, pero aqu\u00ed las autoridades son mojigatas. Bien pudiera sanearse era zona adyacente a la Terminal.<\/em><\/li>\n<\/ul>\n<p>&nbsp;<\/p>\n<p><strong>\u00bfLos cucute\u00f1os acoger\u00e1n el centro comercial?<\/strong><\/p>\n<ul>\n<li><em>Van a tener que hacerlo por la fuerza de la necesidad. <\/em><\/li>\n<\/ul>\n<p>&nbsp;<\/p>\n<p><strong>\u00bfY los vendedores desocupar\u00e1n las calles?<\/strong><\/p>\n<ul>\n<li><em> Ese es un asunto de populismo. Mientras haya vendedores en las cales, con meg\u00e1fonos, no. <\/em><\/li>\n<\/ul>\n<p>&nbsp;<\/p>\n<p><strong>RAFAEL ANTONIO PAB\u00d3N <\/strong><\/p>\n<p><a href=\"mailto:rafaelpabon58@hotmail.com\"><strong>rafaelpabon58@hotmail.com<\/strong><\/a><\/p>\n<p><strong>Foto: <\/strong><a href=\"http:\/\/www.contraluzcucuta.co\"><strong>www.contraluzcucuta.co<\/strong><\/a><\/p>\n<p>&nbsp; <\/p>\n","protected":false},"excerpt":{"rendered":"<p>\u00bfQu\u00e9 futuro le ve al Centro Comercial Las Mercedes? Habiendo gobierno puede ser m\u00e1s interesante. Hay que manejar una promoci\u00f3n permanente hacia el lugar y tener algunos servicios. Las cafeter\u00edas son estrechas, debe tener una plaza gourmet donde la gente tenga d\u00f3nde comprar alimentos y diversi\u00f3n. Los cucute\u00f1os de dos generaciones atr\u00e1s recuerdan la C\u00e1rcel &hellip;<\/p>\n","protected":false},"author":1,"featured_media":29247,"comment_status":"open","ping_status":"open","sticky":false,"template":"","format":"standard","meta":{"footnotes":""},"categories":[2625,4,2876],"tags":[226,868,3469],"class_list":["post-29240","post","type-post","status-publish","format-standard","has-post-thumbnail","hentry","category-alcaldia-de-cucuta","category-barra","category-entrevistas","tag-alcaldia-de-cucuta","tag-centro-comercial-las-mercedes","tag-fabio-huertas"],"_links":{"self":[{"href":"https:\/\/contraluzcucuta.co\/index.php?rest_route=\/wp\/v2\/posts\/29240","targetHints":{"allow":["GET"]}}],"collection":[{"href":"https:\/\/contraluzcucuta.co\/index.php?rest_route=\/wp\/v2\/posts"}],"about":[{"href":"https:\/\/contraluzcucuta.co\/index.php?rest_route=\/wp\/v2\/types\/post"}],"author":[{"embeddable":true,"href":"https:\/\/contraluzcucuta.co\/index.php?rest_route=\/wp\/v2\/users\/1"}],"replies":[{"embeddable":true,"href":"https:\/\/contraluzcucuta.co\/index.php?rest_route=%2Fwp%2Fv2%2Fcomments&post=29240"}],"version-history":[{"count":1,"href":"https:\/\/contraluzcucuta.co\/index.php?rest_route=\/wp\/v2\/posts\/29240\/revisions"}],"predecessor-version":[{"id":29242,"href":"https:\/\/contraluzcucuta.co\/index.php?rest_route=\/wp\/v2\/posts\/29240\/revisions\/29242"}],"wp:featuredmedia":[{"embeddable":true,"href":"https:\/\/contraluzcucuta.co\/index.php?rest_route=\/wp\/v2\/media\/29247"}],"wp:attachment":[{"href":"https:\/\/contraluzcucuta.co\/index.php?rest_route=%2Fwp%2Fv2%2Fmedia&parent=29240"}],"wp:term":[{"taxonomy":"category","embeddable":true,"href":"https:\/\/contraluzcucuta.co\/index.php?rest_route=%2Fwp%2Fv2%2Fcategories&post=29240"},{"taxonomy":"post_tag","embeddable":true,"href":"https:\/\/contraluzcucuta.co\/index.php?rest_route=%2Fwp%2Fv2%2Ftags&post=29240"}],"curies":[{"name":"wp","href":"https:\/\/api.w.org\/{rel}","templated":true}]}}