{"id":29237,"date":"2017-01-25T21:14:18","date_gmt":"2017-01-26T02:14:18","guid":{"rendered":"http:\/\/contraluzcucuta.co\/?p=29237"},"modified":"2017-01-25T21:14:18","modified_gmt":"2017-01-26T02:14:18","slug":"camara-de-comercio-panorama-economico-2016-y-proyecciones-para-el-2017","status":"publish","type":"post","link":"https:\/\/contraluzcucuta.co\/?p=29237","title":{"rendered":"C\u00c1MARA DE COMERCIO. Panorama Econ\u00f3mico 2016 y proyecciones para el 2017"},"content":{"rendered":"<p><strong>C\u00daCUTA.-<\/strong> El grupo del Observatorio Econ\u00f3mico de la C\u00e1mara de Comercio de C\u00facuta elabor\u00f3 el documento \u2018Panorama Econ\u00f3mico 2016 y proyecciones para el 2017\u2019, con el fin de mostrar la desaceleraci\u00f3n de la econom\u00eda de la ciudad.<\/p>\n<p>Se elabor\u00f3 con la informaci\u00f3n disponible de laboral informalidad, inflaci\u00f3n, comercio exterior y crecimiento econ\u00f3mico, sobre los cuales se hace un an\u00e1lisis detallado por variable. Con un crecimiento del departamento inferior al 2 por ciento en 2016, este ser\u00e1 un a\u00f1o de recuperaci\u00f3n, aunque tampoco para cantar victoria dado el grado e incertidumbre que reinan con el vecino pa\u00eds.<\/p>\n<p>Las proyecciones se basan en el an\u00e1lisis de seis variables que se detallan a continuaci\u00f3n:<\/p>\n<p><strong>1.- Contin\u00faa el cierre indefinido de la frontera con Venezuela<\/strong><\/p>\n<p>Para el 2017, o por lo menos para el primer semestre del a\u00f1o, se visualiza una frontera cerrada con las mismas condiciones y limitaciones a las actuales. Esta visualizaci\u00f3n se establece teniendo en cuenta el anuncio de la canciller Mar\u00eda \u00c1ngela Holgu\u00edn, quien precis\u00f3 que C\u00facuta se abastece con un cupo de gasolina subsidiado. Esto conviene directamente a la ciudad y a la regi\u00f3n, pues se relaciona con el prop\u00f3sito de disminuir el contrabando, garantizar la soberan\u00eda energ\u00e9tica, mediante un esfuerzo fiscal y la utilizaci\u00f3n adecuada del cupo de combustible subsidiado.<\/p>\n<p><strong>2.- Potencializaci\u00f3n de la industria manufacturera<\/strong><\/p>\n<p>Teniendo en cuenta la importancia de la industria manufacturera en el departamento, el 2017 es la oportunidad para dar nuevos rumbos y apostar a estrategias encaminadas a la recuperaci\u00f3n del sector. El desarrollo del proyecto \u2018C\u00facuta, ciudad maquila\u2019 (con apoyo del Ministerio de Comercio), se establece con el objetivo final de estandarizar y capacitar en procesos de producci\u00f3n en el sector moda (confecci\u00f3n, calzado y marroquiner\u00eda), as\u00ed como la ampliaci\u00f3n y el posicionamiento de nuevos mercados y creaci\u00f3n de m\u00e1s y mejores empleos que hagan efectiva una reducci\u00f3n de la informalidad en la ciudad y la regi\u00f3n.<\/p>\n<p><strong>3.- Mayor inversi\u00f3n con recursos del posconflicto<\/strong><\/p>\n<p>La realidad pol\u00edtica de la naci\u00f3n en temas de posconflicto genera una expectativa importante hacia las posibles mejoras en asuntos sociales, econ\u00f3micos y culturales dentro de la regi\u00f3n de El Catatumbo y el departamento. El nivel de inversi\u00f3n ser\u00e1 importante encaminado hacia el desarrollo de proyectos en el sector agr\u00edcola que beneficien la zona.<\/p>\n<p><strong>4.- Impacto de la reforma tributaria<\/strong><\/p>\n<p>La entrada en vigencia de la reforma tributaria en el 2017 ha creado incertidumbre en el pa\u00eds y la regi\u00f3n; sin embargo, trae de la mano una futura estabilidad de la econom\u00eda nacional, pues las estrategias planteadas se visualizan con el objetivo de frenar el detrimento de la econom\u00eda colombiana, as\u00ed como la recuperaci\u00f3n de tributos que impacten de manera adecuada el esquema de pol\u00edtico, social y econ\u00f3mico de la naci\u00f3n.<\/p>\n<p><strong>5.- Inversi\u00f3n en infraestructura<\/strong><\/p>\n<p>En relaci\u00f3n con los temas sectoriales, es importante mencionar que la recuperaci\u00f3n de la econom\u00eda nacional vendr\u00e1 de la mano del sector de la construcci\u00f3n, el cual se ver\u00e1 impulsado por el desarrollo de infraestructura, para Norte de Santander obras de 4G: Pamplona &#8211; Bucaramanga. De igual manera, la conexi\u00f3n a trav\u00e9s del puente Mariano Ospina Hern\u00e1ndez (salida a la Costa) da cabida a nuevas inversiones para el sector. Adicional a lo mencionado, la&nbsp; inversi\u00f3n en hoteler\u00eda, centros comerciales y red de parques tem\u00e1ticos ser\u00e1 una excusa vital para la evoluci\u00f3n de nuevos proyectos en Norte de Santander.<\/p>\n<p><strong>6.- Comercio Exterior<\/strong><\/p>\n<p>Si bien el departamento ha tenido bajas en las ventas al exterior, se espera que en el 2017 se observe una recuperaci\u00f3n. La b\u00fasqueda de destinos para el env\u00edo de los productos regionales genera posibles cambios y restructuraciones de la mec\u00e1nica exportadora.<\/p>\n<p>Este es un firme prop\u00f3sito que, en cabeza del Ministerio Industria y Turismo, Pro Colombia y la C\u00e1mara de Comercio de C\u00facuta est\u00e1n empe\u00f1ados en sacar adelante.<\/p>\n<p><strong>Foto: ARCHIVO<\/strong><\/p>\n<p>&nbsp; <\/p>\n","protected":false},"excerpt":{"rendered":"<p>C\u00daCUTA.- El grupo del Observatorio Econ\u00f3mico de la C\u00e1mara de Comercio de C\u00facuta elabor\u00f3 el documento \u2018Panorama Econ\u00f3mico 2016 y proyecciones para el 2017\u2019, con el fin de mostrar la desaceleraci\u00f3n de la econom\u00eda de la ciudad. Se elabor\u00f3 con la informaci\u00f3n disponible de laboral informalidad, inflaci\u00f3n, comercio exterior y crecimiento econ\u00f3mico, sobre los cuales &hellip;<\/p>\n","protected":false},"author":1,"featured_media":29238,"comment_status":"open","ping_status":"open","sticky":false,"template":"","format":"standard","meta":{"footnotes":""},"categories":[541,4,6],"tags":[375],"class_list":["post-29237","post","type-post","status-publish","format-standard","has-post-thumbnail","hentry","category-ciudad","category-barra","category-ojo-avizor","tag-camara-de-comercio-de-cucuta"],"_links":{"self":[{"href":"https:\/\/contraluzcucuta.co\/index.php?rest_route=\/wp\/v2\/posts\/29237","targetHints":{"allow":["GET"]}}],"collection":[{"href":"https:\/\/contraluzcucuta.co\/index.php?rest_route=\/wp\/v2\/posts"}],"about":[{"href":"https:\/\/contraluzcucuta.co\/index.php?rest_route=\/wp\/v2\/types\/post"}],"author":[{"embeddable":true,"href":"https:\/\/contraluzcucuta.co\/index.php?rest_route=\/wp\/v2\/users\/1"}],"replies":[{"embeddable":true,"href":"https:\/\/contraluzcucuta.co\/index.php?rest_route=%2Fwp%2Fv2%2Fcomments&post=29237"}],"version-history":[{"count":1,"href":"https:\/\/contraluzcucuta.co\/index.php?rest_route=\/wp\/v2\/posts\/29237\/revisions"}],"predecessor-version":[{"id":29239,"href":"https:\/\/contraluzcucuta.co\/index.php?rest_route=\/wp\/v2\/posts\/29237\/revisions\/29239"}],"wp:featuredmedia":[{"embeddable":true,"href":"https:\/\/contraluzcucuta.co\/index.php?rest_route=\/wp\/v2\/media\/29238"}],"wp:attachment":[{"href":"https:\/\/contraluzcucuta.co\/index.php?rest_route=%2Fwp%2Fv2%2Fmedia&parent=29237"}],"wp:term":[{"taxonomy":"category","embeddable":true,"href":"https:\/\/contraluzcucuta.co\/index.php?rest_route=%2Fwp%2Fv2%2Fcategories&post=29237"},{"taxonomy":"post_tag","embeddable":true,"href":"https:\/\/contraluzcucuta.co\/index.php?rest_route=%2Fwp%2Fv2%2Ftags&post=29237"}],"curies":[{"name":"wp","href":"https:\/\/api.w.org\/{rel}","templated":true}]}}