{"id":29234,"date":"2017-01-25T21:05:48","date_gmt":"2017-01-26T02:05:48","guid":{"rendered":"http:\/\/contraluzcucuta.co\/?p=29234"},"modified":"2017-01-25T21:05:48","modified_gmt":"2017-01-26T02:05:48","slug":"viviendas-gratis-ponen-primera-piedra-para-futuras-urbanizaciones","status":"publish","type":"post","link":"https:\/\/contraluzcucuta.co\/?p=29234","title":{"rendered":"VIVIENDAS GRATIS. Ponen primera piedra para futuras urbanizaciones"},"content":{"rendered":"<p><strong>C\u00daCUTA.-<\/strong> Doscientas familias de Salazar, 100 de Santiago, 50 en Silos y 160 en Pamplona tendr\u00e1n vivienda gratis. El programa es dirigido por el Gobierno y apoyado por la Gobernaci\u00f3n de Norte de Santander. El vicepresidente German Vargas puso la primera piedra en los sitios donde se levantar\u00e1n las casas.<\/p>\n<p>La prioridad la tendr\u00e1n madres cabeza de hogar, adultos mayores, personas en estado de riesgo y familias desplazadas. La inversi\u00f3n para Salazar ser\u00e1 de $ 10.500 millones. Los recursos se invertir\u00e1n en la construcci\u00f3n de la urbanizaci\u00f3n El Hatillo, que constar\u00e1 de 10 torres de 20 apartamentos cada una.<\/p>\n<p>Cuatrocientos salazare\u00f1os tendr\u00e1n la oportunidad de laborar en las obras. De esa manera las construcciones generar\u00e1n oportunidades de empleo y productividad, aspectos que van ligados al plan de gobierno regional.<\/p>\n<p>Entre los anuncios del Vicepresidente destaca la dotaci\u00f3n de la red de internet y computadores en las viviendas, para mejorar el acceso a las tecnolog\u00edas por parte de la comunidad.<\/p>\n<p>El mal tiempo en el departamento no le permiti\u00f3 a Vargas Lleras llegar a Silos, como estaba programado en la agenda. El gobernador Villamizar Laguado lo apoy\u00f3 y tom\u00f3 la batuta para seguir con lo pactado. En compa\u00f1\u00eda del alcalde Orlando Portilla presentaron el proyecto \u2018Santo Domingo\u2019, que beneficiar\u00e1 a 50 familias pobres.<\/p>\n<p>En el acto, cumplido en el colegio Luis Puyana, &nbsp;representantes de las comunidades solicitaron ayuda para el arreglo de la v\u00eda de acceso a la municipalidad,&nbsp; el mantenimiento de la v\u00eda Chitag\u00e1 \u2013 B\u00e1bega \u2013 Silos y la compra de elementos para el comedor escolar.<\/p>\n<p>\u201cDesde el gobierno departamental, se gestionar\u00e1n los recursos para el arreglo de la v\u00eda principal (desde La Laguna hasta Silos), se proyectar\u00e1 la construcci\u00f3n de una cancha sint\u00e9tica y se planificar\u00e1 el proyecto para ampliar el comedor de la principal instituci\u00f3n educativa\u201d, dijo el mandatario seccional.&nbsp;<\/p>\n<p>En Pamplona, Vargas Lleras puso la primera piedra de la urbanizaci\u00f3n Los Alisos. Ser\u00e1n 160 viviendas para familias necesitadas. La inversi\u00f3n alcanza los $ 8262 millones, aportados por el Gobierno.<\/p>\n<p>William Villamizar agradeci\u00f3 en nombre de los nortesantandereanos la gesti\u00f3n del Gobierno y el liderazgo del vicepresidente frente al programa de viviendas gratis, que ha dejado beneficios y felicidad a familias pobres en el departamento.<\/p>\n<p><strong>Foto: PRENSA GOBERNACI\u00d3N<\/strong><\/p>\n<p>&nbsp; <\/p>\n","protected":false},"excerpt":{"rendered":"<p>C\u00daCUTA.- Doscientas familias de Salazar, 100 de Santiago, 50 en Silos y 160 en Pamplona tendr\u00e1n vivienda gratis. El programa es dirigido por el Gobierno y apoyado por la Gobernaci\u00f3n de Norte de Santander. El vicepresidente German Vargas puso la primera piedra en los sitios donde se levantar\u00e1n las casas. La prioridad la tendr\u00e1n madres &hellip;<\/p>\n","protected":false},"author":1,"featured_media":29235,"comment_status":"open","ping_status":"open","sticky":false,"template":"","format":"standard","meta":{"footnotes":""},"categories":[4,32],"tags":[3468,2800,1750],"class_list":["post-29234","post","type-post","status-publish","format-standard","has-post-thumbnail","hentry","category-barra","category-recorrido-por-la-region","tag-casas-gratis","tag-gobernador-william-villamizar","tag-vicepresidente-german-vargas-lleras"],"_links":{"self":[{"href":"https:\/\/contraluzcucuta.co\/index.php?rest_route=\/wp\/v2\/posts\/29234","targetHints":{"allow":["GET"]}}],"collection":[{"href":"https:\/\/contraluzcucuta.co\/index.php?rest_route=\/wp\/v2\/posts"}],"about":[{"href":"https:\/\/contraluzcucuta.co\/index.php?rest_route=\/wp\/v2\/types\/post"}],"author":[{"embeddable":true,"href":"https:\/\/contraluzcucuta.co\/index.php?rest_route=\/wp\/v2\/users\/1"}],"replies":[{"embeddable":true,"href":"https:\/\/contraluzcucuta.co\/index.php?rest_route=%2Fwp%2Fv2%2Fcomments&post=29234"}],"version-history":[{"count":1,"href":"https:\/\/contraluzcucuta.co\/index.php?rest_route=\/wp\/v2\/posts\/29234\/revisions"}],"predecessor-version":[{"id":29236,"href":"https:\/\/contraluzcucuta.co\/index.php?rest_route=\/wp\/v2\/posts\/29234\/revisions\/29236"}],"wp:featuredmedia":[{"embeddable":true,"href":"https:\/\/contraluzcucuta.co\/index.php?rest_route=\/wp\/v2\/media\/29235"}],"wp:attachment":[{"href":"https:\/\/contraluzcucuta.co\/index.php?rest_route=%2Fwp%2Fv2%2Fmedia&parent=29234"}],"wp:term":[{"taxonomy":"category","embeddable":true,"href":"https:\/\/contraluzcucuta.co\/index.php?rest_route=%2Fwp%2Fv2%2Fcategories&post=29234"},{"taxonomy":"post_tag","embeddable":true,"href":"https:\/\/contraluzcucuta.co\/index.php?rest_route=%2Fwp%2Fv2%2Ftags&post=29234"}],"curies":[{"name":"wp","href":"https:\/\/api.w.org\/{rel}","templated":true}]}}