{"id":29228,"date":"2017-01-25T14:43:47","date_gmt":"2017-01-25T19:43:47","guid":{"rendered":"http:\/\/contraluzcucuta.co\/?p=29228"},"modified":"2017-01-25T14:43:47","modified_gmt":"2017-01-25T19:43:47","slug":"charla-con-padre-luis-variara-consagre-mi-vida-al-servicio-de-los-leprosos","status":"publish","type":"post","link":"https:\/\/contraluzcucuta.co\/?p=29228","title":{"rendered":"CHARLA CON\u2026 Padre Luis Variara, \u2018consagr\u00e9 mi vida al servicio de los leprosos\u2019"},"content":{"rendered":"<p>El 15 de enero, se conmemor\u00f3 el natalicio 142 del padre Luis Variara Bussa, salesiano beatificado el&nbsp; 14 de abril de 2002, en la Plaza de San Pedro por san Juan Pablo II. Fue ejemplo de santidad, alegre, sufrida, pero firme y obediente,&nbsp; amigo y ap\u00f3stol de los enfermos de lepra en Colombia.&nbsp;<\/p>\n<p>Muri\u00f3 el 1 de febrero 1923, a los 48 a\u00f1os. Enterrado en C\u00facuta, el cuerpo fue trasladado, en 1932, a Agua de Dios, donde se encuentra.<\/p>\n<p><strong>\u00bfNombre?<\/strong><\/p>\n<p>Luis Sebasti\u00e1n Mauricio Variara Bussa<\/p>\n<p><strong>\u00bfLugar y fecha de nacimiento?<\/strong><\/p>\n<p>Viarigi (Asti, Italia) el 15 de enero de 1875<\/p>\n<p><strong>\u00bfQui\u00e9n es el padre Luis Variara?<\/strong><\/p>\n<p>Un sacerdote salesiano italiano cuya obra se desarroll\u00f3 mayormente en Agua de Dios (Colombia), donde trabaj\u00e9 con los leprosos, causa a la que consagr\u00e9 mi vida.<\/p>\n<p><strong>\u00bfC\u00f3mo se hizo religioso?<\/strong><\/p>\n<p>A los 12 a\u00f1os entr\u00e9 en el Oratorio de Valdocco, cuatro meses antes de la muerte de Don Bosco. La memoria de Don Bosco tuvo gran influencia para orientarme a la vida salesiana.<\/p>\n<p><strong>\u00bfCu\u00e1ndo inici\u00f3 el noviciado?<\/strong><\/p>\n<p>En 1891, y termin\u00e9 con la profesi\u00f3n religiosa emitida en manos del beato Miguel R\u00faa.<\/p>\n<p><strong>\u00bfC\u00f3mo lleg\u00f3 a Colombia? <\/strong><\/p>\n<p>En 1894 conoc\u00ed a Don Miguel Unia, el misionero de los enfermos de lepra de Agua de Dios y me invit\u00f3 a seguirlo. A poco m\u00e1s de un a\u00f1o de la llegada, don Unia muere y qued\u00e9 con la herencia en el ejercicio de la misi\u00f3n al servicio de los necesitados.<\/p>\n<p><strong>\u00bfD\u00f3nde termin\u00f3 los estudios de teolog\u00eda?<\/strong><\/p>\n<p>Con grandes dificultades por la Guerra de los Mil D\u00edas pude terminar estudios de teolog\u00eda en Bogot\u00e1.<\/p>\n<p><strong>\u00bfCu\u00e1ndo fue ordenado sacerdote?<\/strong><\/p>\n<p>En 1898, y me entregu\u00e9 al apostolado de los enfermos de lepra en Agua de Dios, especialmente de los ni\u00f1os y los j\u00f3venes.<\/p>\n<p><strong>\u00bfQu\u00e9 modelo tom\u00f3 para el sacerdocio?<\/strong><\/p>\n<p>Ejerc\u00ed el apostolado pensando en el modelo del Oratorio de Valdocco, que transforma el lugar de sufrimiento en una peque\u00f1a ciudad de la alegr\u00eda, donde se puede vivir una vida espiritual intensa.<\/p>\n<p><strong>\u00bfQu\u00e9 es Agua de Dios?<\/strong><\/p>\n<p>Es la Ciudad del Dolor. Significaba por entonces m\u00e1s una condena que una bendici\u00f3n, contrario al sentido de su nombre: fue el leprosorio m\u00e1s importante del pa\u00eds y a donde llegaron muchos colombianos, marginados socialmente por poseer la temible enfermedad de la lepra.<\/p>\n<p><strong>\u00bfQu\u00e9 recuerdo guarda del padre Miguel Unia?<\/strong><\/p>\n<p>Un valeroso sacerdote italiano, tambi\u00e9n hijo de Don Bosco, que cruz\u00f3 decididamente el puente que separaba a Agua de Dios del resto del mundo, abri\u00f3 las puertas a la esperanza para los condenados al destierro en su patria.<\/p>\n<p><strong>\u00bfQu\u00e9 lo inspir\u00f3 para fundar un instituto religioso?<\/strong><\/p>\n<p>El 7 de mayo de 1905, naci\u00f3 el Instituto de las Hijas de los Sagrados Corazones de Jes\u00fas y de Mar\u00eda, con j\u00f3venes hijas de enfermos de lepra o contaminadas que ninguna congregaci\u00f3n quer\u00eda recibir.<\/p>\n<p><strong>\u00bfHubo inconvenientes?<\/strong><\/p>\n<p>En los inicios encontramos dificultades para ser aceptado tanto por las autoridades religiosas como por algunos de los superiores salesianos.<\/p>\n<p><strong>\u00bfY qu\u00e9 pas\u00f3?<\/strong><\/p>\n<p>Simple. Recib\u00ed la inspiraci\u00f3n divina de fundar el instituto religioso con estas mujeres elegidas por el Se\u00f1or para vivir el Carisma Salesiano Victimal.<\/p>\n<p><strong>\u00bfPor qu\u00e9 lo sacaron de Agua de dios?<\/strong><\/p>\n<p>Me enviaron a Bogot\u00e1, Mosquera y Barranquilla con el fin de alejarme del campo de la misi\u00f3n entre los enfermos de lepra. Fui trasferido a T\u00e1riba, municipio de Venezuela cerca de la frontera con Colombia.<\/p>\n<p>\u00bfC\u00f3mo soport\u00f3 esas decisiones?<\/p>\n<p>Con actitud humilde y en silencio soport\u00e9 las incomprensiones. Como testimonio quedaron las cartas dirigidas a las hermanas, que constituyen adem\u00e1s un rico contenido del g\u00e9nero epistolar y que evidencian la profundidad y seriedad con las que asum\u00ed la cultura hispanoamericana y colombiana en particular.<\/p>\n<p><strong>\u00bfC\u00f3mo lleg\u00f3 a C\u00facuta?<\/strong><\/p>\n<p>Present\u00eda mi \u00faltima hora y me hizo trasferir de T\u00e1riba a C\u00facuta, no s\u00f3lo porque all\u00ed resid\u00eda una familia italiana conocida, sino porque fue mi voluntad morir en la tierra que me vio luchar y de la que no se alej\u00e9 desde que llegu\u00e9 siendo un muchacho.<\/p>\n<p><strong>\u00bfCu\u00e1l fue su lucha?<\/strong><\/p>\n<p>Denunci\u00e9 la injusticia, la marginaci\u00f3n y la explotaci\u00f3n de los enfermos de lepra hasta alcanzar un cambio de actitud frente a los problemas sociales de Agua de Dios.<\/p>\n<p><strong>\u00bfCu\u00e1ndo muri\u00f3?<\/strong><\/p>\n<p>El 1 de febrero de 1923. Ten\u00eda 48 a\u00f1os. Fui sepultado en C\u00facuta, pero los restos fueron trasferidos posteriormente a Agua de Dios, en la capilla de la Casa Madre del Instituto que fund\u00e9.<\/p>\n<p><strong>\u00bfCu\u00e1ndo recibi\u00f3 la beatificaci\u00f3n?<\/strong><\/p>\n<p>El 14 de abril de 2002, el papa Juan Pablo II me beatific\u00f3.<\/p>\n<p>Adaptaci\u00f3n de los art\u00edculos publicados en:<\/p>\n<p><a href=\"https:\/\/es.wikipedia.org\">https:\/\/es.wikipedia.org<\/a><\/p>\n<p><a href=\"http:\/\/www.hijasdelossagradoscorazones.org\/\">http:\/\/www.hijasdelossagradoscorazones.org\/<\/a><\/p>\n<p><strong>RAFAEL ANTONIO PAB\u00d3N<\/strong><\/p>\n<p><a href=\"mailto:rafaelpabon58@hotmail.com\"><strong>rafaelpabon58@hotmail.com<\/strong><\/a><\/p>\n<p><strong>Foto:&nbsp;<\/strong><strong>PARROQUIA LUIS VARIARA &#8211; BOGOT\u00c1<\/strong><\/p>\n<p><strong>&nbsp;<\/strong> <\/p>\n","protected":false},"excerpt":{"rendered":"<p>El 15 de enero, se conmemor\u00f3 el natalicio 142 del padre Luis Variara Bussa, salesiano beatificado el&nbsp; 14 de abril de 2002, en la Plaza de San Pedro por san Juan Pablo II. Fue ejemplo de santidad, alegre, sufrida, pero firme y obediente,&nbsp; amigo y ap\u00f3stol de los enfermos de lepra en Colombia.&nbsp; Muri\u00f3 el &hellip;<\/p>\n","protected":false},"author":1,"featured_media":29229,"comment_status":"open","ping_status":"open","sticky":false,"template":"","format":"standard","meta":{"footnotes":""},"categories":[51,4],"tags":[3450,3467],"class_list":["post-29228","post","type-post","status-publish","format-standard","has-post-thumbnail","hentry","category-charlas-con","category-barra","tag-lepra-en-norte-de-santander","tag-padre-luis-variara"],"_links":{"self":[{"href":"https:\/\/contraluzcucuta.co\/index.php?rest_route=\/wp\/v2\/posts\/29228","targetHints":{"allow":["GET"]}}],"collection":[{"href":"https:\/\/contraluzcucuta.co\/index.php?rest_route=\/wp\/v2\/posts"}],"about":[{"href":"https:\/\/contraluzcucuta.co\/index.php?rest_route=\/wp\/v2\/types\/post"}],"author":[{"embeddable":true,"href":"https:\/\/contraluzcucuta.co\/index.php?rest_route=\/wp\/v2\/users\/1"}],"replies":[{"embeddable":true,"href":"https:\/\/contraluzcucuta.co\/index.php?rest_route=%2Fwp%2Fv2%2Fcomments&post=29228"}],"version-history":[{"count":1,"href":"https:\/\/contraluzcucuta.co\/index.php?rest_route=\/wp\/v2\/posts\/29228\/revisions"}],"predecessor-version":[{"id":29230,"href":"https:\/\/contraluzcucuta.co\/index.php?rest_route=\/wp\/v2\/posts\/29228\/revisions\/29230"}],"wp:featuredmedia":[{"embeddable":true,"href":"https:\/\/contraluzcucuta.co\/index.php?rest_route=\/wp\/v2\/media\/29229"}],"wp:attachment":[{"href":"https:\/\/contraluzcucuta.co\/index.php?rest_route=%2Fwp%2Fv2%2Fmedia&parent=29228"}],"wp:term":[{"taxonomy":"category","embeddable":true,"href":"https:\/\/contraluzcucuta.co\/index.php?rest_route=%2Fwp%2Fv2%2Fcategories&post=29228"},{"taxonomy":"post_tag","embeddable":true,"href":"https:\/\/contraluzcucuta.co\/index.php?rest_route=%2Fwp%2Fv2%2Ftags&post=29228"}],"curies":[{"name":"wp","href":"https:\/\/api.w.org\/{rel}","templated":true}]}}