{"id":29213,"date":"2017-01-23T19:18:01","date_gmt":"2017-01-24T00:18:01","guid":{"rendered":"http:\/\/contraluzcucuta.co\/?p=29213"},"modified":"2017-01-23T19:18:01","modified_gmt":"2017-01-24T00:18:01","slug":"via-urimaco-gobernacion-invertira-10-000-millones-en-mantenimiento","status":"publish","type":"post","link":"https:\/\/contraluzcucuta.co\/?p=29213","title":{"rendered":"V\u00cdA A URIMACO. Gobernaci\u00f3n invertir\u00e1 $ 10.000 millones en mantenimiento"},"content":{"rendered":"<h4><strong>C\u00daCUTA.-<\/strong> Hacer m\u00e1s transitable la v\u00eda Urimaco &#8211; San Cayetano, se ha convertido en una de las prioridades viales de la Gobernaci\u00f3n de Norte de Santander. El gobierno departamental invertir\u00e1 $ 10.000 millones y aportar\u00e1 el banco de maquinaria para garantizar el paso de todo tipo de veh\u00edculos. De esta manera se evitar\u00e1n los constantes accidentes con los carros de carga pesada, factor que se intensific\u00f3 con las recientes lluvias.<\/h4>\n<p>Entre las obras destacan:<\/p>\n<p>1.- Construcci\u00f3n de un puente<\/p>\n<p>2.- Muros de contenci\u00f3n<\/p>\n<p>3.- Dos pontones y seis alcantarillas<\/p>\n<p>4.- Ampliaci\u00f3n y adecuaci\u00f3n de la v\u00eda.<\/p>\n<p>El cronograma estima que los trabajos, que iniciaron en la primera fase, tendr\u00e1n duraci\u00f3n de cuatro meses, y mejorar\u00e1n en 80 por ciento la circulaci\u00f3n por el sector.<\/p>\n<p>Paralelamente, se trabajar\u00e1 en el corredor Agualasal &#8211; Puente Le\u00f3n, deteriorado por el tr\u00e1fico pesado que no puede pasar por El Zulia.<\/p>\n<p>\u201cAunque la v\u00eda Urimaco &#8211; San Cayetano es responsabilidad de la Alcald\u00eda, se hicieron las gestiones pertinentes para garantizar los recursos\u201d, dijo el gobernador Villamizar Laguado.<\/p>\n<p>El trabajo se har\u00e1 en conjunto con el alcalde de San Cayetano, Javier Agudelo, quien ha estado presto a la labor adelantada.<\/p>\n<p><strong>Foto: PRENSA GOBERNACI\u00d3N<\/strong><\/p>\n<p>&nbsp;<\/p>\n<p>&nbsp;<\/p>\n<p>&nbsp; <\/p>\n","protected":false},"excerpt":{"rendered":"<p>C\u00daCUTA.- Hacer m\u00e1s transitable la v\u00eda Urimaco &#8211; San Cayetano, se ha convertido en una de las prioridades viales de la Gobernaci\u00f3n de Norte de Santander. El gobierno departamental invertir\u00e1 $ 10.000 millones y aportar\u00e1 el banco de maquinaria para garantizar el paso de todo tipo de veh\u00edculos. De esta manera se evitar\u00e1n los constantes &hellip;<\/p>\n","protected":false},"author":1,"featured_media":29214,"comment_status":"open","ping_status":"open","sticky":false,"template":"","format":"standard","meta":{"footnotes":""},"categories":[2630],"tags":[379,1308,3461],"class_list":["post-29213","post","type-post","status-publish","format-standard","has-post-thumbnail","hentry","category-gobernacion","tag-gobernacion-de-norte-de-santander","tag-san-cayetano","tag-urimaco"],"_links":{"self":[{"href":"https:\/\/contraluzcucuta.co\/index.php?rest_route=\/wp\/v2\/posts\/29213","targetHints":{"allow":["GET"]}}],"collection":[{"href":"https:\/\/contraluzcucuta.co\/index.php?rest_route=\/wp\/v2\/posts"}],"about":[{"href":"https:\/\/contraluzcucuta.co\/index.php?rest_route=\/wp\/v2\/types\/post"}],"author":[{"embeddable":true,"href":"https:\/\/contraluzcucuta.co\/index.php?rest_route=\/wp\/v2\/users\/1"}],"replies":[{"embeddable":true,"href":"https:\/\/contraluzcucuta.co\/index.php?rest_route=%2Fwp%2Fv2%2Fcomments&post=29213"}],"version-history":[{"count":1,"href":"https:\/\/contraluzcucuta.co\/index.php?rest_route=\/wp\/v2\/posts\/29213\/revisions"}],"predecessor-version":[{"id":29215,"href":"https:\/\/contraluzcucuta.co\/index.php?rest_route=\/wp\/v2\/posts\/29213\/revisions\/29215"}],"wp:featuredmedia":[{"embeddable":true,"href":"https:\/\/contraluzcucuta.co\/index.php?rest_route=\/wp\/v2\/media\/29214"}],"wp:attachment":[{"href":"https:\/\/contraluzcucuta.co\/index.php?rest_route=%2Fwp%2Fv2%2Fmedia&parent=29213"}],"wp:term":[{"taxonomy":"category","embeddable":true,"href":"https:\/\/contraluzcucuta.co\/index.php?rest_route=%2Fwp%2Fv2%2Fcategories&post=29213"},{"taxonomy":"post_tag","embeddable":true,"href":"https:\/\/contraluzcucuta.co\/index.php?rest_route=%2Fwp%2Fv2%2Ftags&post=29213"}],"curies":[{"name":"wp","href":"https:\/\/api.w.org\/{rel}","templated":true}]}}