{"id":29210,"date":"2017-01-23T15:44:13","date_gmt":"2017-01-23T20:44:13","guid":{"rendered":"http:\/\/contraluzcucuta.co\/?p=29210"},"modified":"2017-01-23T15:44:13","modified_gmt":"2017-01-23T20:44:13","slug":"unipamplona-65-estudiantes-nuevos-de-medicina-iniciaron-labores-academicas","status":"publish","type":"post","link":"https:\/\/contraluzcucuta.co\/?p=29210","title":{"rendered":"UNIPAMPLONA. 65 estudiantes nuevos de medicina iniciaron labores acad\u00e9micas"},"content":{"rendered":"<p><strong>PAMPLONA \u2013 Norte de Santander.-<\/strong> Sesentaicinco estudiantes nuevos de medicina iniciaron labores acad\u00e9micas oficialmente. Durante la jornada de inducci\u00f3n recibieron informaci\u00f3n institucional para la vida universitaria. El rector Ivaldo Torres Ch\u00e1vez y el cuerpo directivo y docente acompa\u00f1aron a los futuros m\u00e9dicos en el primer paso hacia la profesionalizaci\u00f3n.<\/p>\n<p>\u201cUstedes han entrado a una gran instituci\u00f3n, la Universidad de Pamplona. El sue\u00f1o del presb\u00edtero Jos\u00e9 Rafael Far\u00eda sigue orientado a formar nuevos profesionales\u201d, dijo el rector. Los 65 alumnos en unos a\u00f1os cumplir\u00e1n el objetivo y la universidad continuar\u00e1 ofreciendo a la regi\u00f3n, la naci\u00f3n y al mundo los mejores profesionales.<\/p>\n<p>La agenda de inducci\u00f3n se cumplir\u00e1 en dos d\u00edas:<\/p>\n<p>1.- Presentaci\u00f3n institucional<\/p>\n<p>2.- Actividades l\u00fadicas<\/p>\n<p>3.- Ciclo paseo por Pamplona<\/p>\n<p>4.- Jornada de integraci\u00f3n \u2018La vida en la U\u2019<\/p>\n<p>5.- Encuentro con el Consejo Superior Estudiantil<\/p>\n<p>6.- Carrera de observaci\u00f3n \u2018Todos somos Unipamplona\u2019.<\/p>\n<p>Los padres de familia de los futuros profesionales de la medicina participar\u00e1n en el taller de corresponsabilidad, para contextualizarlos con la nueva etapa que inician los hijos y la manera como inciden en&nbsp; la carrera.<\/p>\n<p>La estudiante Valentina Dur\u00e1n Ariza dijo que \u201cla Universidad de Pamplona es muy buena, tiene buenos profesores, busca la acreditaci\u00f3n institucional y cuenta con cl\u00ednica y laboratorios\u201d.<\/p>\n<p>El programa de medicina lleva 10 a\u00f1os en la formaci\u00f3n de profesionales en el \u00e1rea, y ha graduado a m\u00e1s de 260 m\u00e9dicos, que destacan en los lugares de trabajo.<\/p>\n<p>Los estudiantes que ingresaron a la universidad luego de superar el proceso de selecci\u00f3n interna, demostraron altos puntajes en las pruebas Saber Pro y habilidades sobresalientes para cursar sus estudios en una carrera que requiere compromiso y esfuerzo.<\/p>\n<p><strong>Foto: PRENSA UNIPAMPLONA<\/strong><\/p>\n<p>&nbsp; <\/p>\n","protected":false},"excerpt":{"rendered":"<p>PAMPLONA \u2013 Norte de Santander.- Sesentaicinco estudiantes nuevos de medicina iniciaron labores acad\u00e9micas oficialmente. Durante la jornada de inducci\u00f3n recibieron informaci\u00f3n institucional para la vida universitaria. El rector Ivaldo Torres Ch\u00e1vez y el cuerpo directivo y docente acompa\u00f1aron a los futuros m\u00e9dicos en el primer paso hacia la profesionalizaci\u00f3n. \u201cUstedes han entrado a una gran &hellip;<\/p>\n","protected":false},"author":1,"featured_media":29211,"comment_status":"open","ping_status":"open","sticky":false,"template":"","format":"standard","meta":{"footnotes":""},"categories":[74],"tags":[2597,161],"class_list":["post-29210","post","type-post","status-publish","format-standard","has-post-thumbnail","hentry","category-aula-universitaria","tag-aula-universitaria","tag-universidad-de-pamplona"],"_links":{"self":[{"href":"https:\/\/contraluzcucuta.co\/index.php?rest_route=\/wp\/v2\/posts\/29210","targetHints":{"allow":["GET"]}}],"collection":[{"href":"https:\/\/contraluzcucuta.co\/index.php?rest_route=\/wp\/v2\/posts"}],"about":[{"href":"https:\/\/contraluzcucuta.co\/index.php?rest_route=\/wp\/v2\/types\/post"}],"author":[{"embeddable":true,"href":"https:\/\/contraluzcucuta.co\/index.php?rest_route=\/wp\/v2\/users\/1"}],"replies":[{"embeddable":true,"href":"https:\/\/contraluzcucuta.co\/index.php?rest_route=%2Fwp%2Fv2%2Fcomments&post=29210"}],"version-history":[{"count":1,"href":"https:\/\/contraluzcucuta.co\/index.php?rest_route=\/wp\/v2\/posts\/29210\/revisions"}],"predecessor-version":[{"id":29212,"href":"https:\/\/contraluzcucuta.co\/index.php?rest_route=\/wp\/v2\/posts\/29210\/revisions\/29212"}],"wp:featuredmedia":[{"embeddable":true,"href":"https:\/\/contraluzcucuta.co\/index.php?rest_route=\/wp\/v2\/media\/29211"}],"wp:attachment":[{"href":"https:\/\/contraluzcucuta.co\/index.php?rest_route=%2Fwp%2Fv2%2Fmedia&parent=29210"}],"wp:term":[{"taxonomy":"category","embeddable":true,"href":"https:\/\/contraluzcucuta.co\/index.php?rest_route=%2Fwp%2Fv2%2Fcategories&post=29210"},{"taxonomy":"post_tag","embeddable":true,"href":"https:\/\/contraluzcucuta.co\/index.php?rest_route=%2Fwp%2Fv2%2Ftags&post=29210"}],"curies":[{"name":"wp","href":"https:\/\/api.w.org\/{rel}","templated":true}]}}