{"id":29203,"date":"2017-01-23T15:12:41","date_gmt":"2017-01-23T20:12:41","guid":{"rendered":"http:\/\/contraluzcucuta.co\/?p=29203"},"modified":"2017-01-23T15:12:41","modified_gmt":"2017-01-23T20:12:41","slug":"casa-de-la-cultura-ministerio-gobernacion-y-alcaldia-unidos-para-rescatarla","status":"publish","type":"post","link":"https:\/\/contraluzcucuta.co\/?p=29203","title":{"rendered":"CASA DE LA CULTURA. Ministerio, Gobernaci\u00f3n y Alcald\u00eda, unidos para rescatarla"},"content":{"rendered":"<p><strong>VILLA DEL ROSARIO \u2013 Norte de Santander.-<\/strong> Cerca de $ 1350 millones, provenientes del Gobierno, la Gobernaci\u00f3n de Norte de Santander y la Alcald\u00eda de Villa del Rosario, ser\u00e1n invertidos en la recuperaci\u00f3n de la <a href=\"https:\/\/contraluzcucuta.co\/articulos\/cronica-epidemia-incultural-terminada\/\">Casa de la Cultura<\/a> \u2018Francisco de Paula Santander\u2019. La emblem\u00e1tica estructura comenz\u00f3 a derrumbarse en 2012.<\/p>\n<p>El ministerio de Cultura destin\u00f3 para la obra $ 600 millones, suma respaldada por la administraci\u00f3n departamental con otros $ 600 millones. El gobierno rosariense aport\u00f3 $ 150 millones.<\/p>\n<p>Los recursos de la Gobernaci\u00f3n corresponden al impuesto nacional al consumo de telefon\u00eda m\u00f3vil, la estampilla Procultura y el programa de Fomento, Promoci\u00f3n y Desarrollo de la Cultura y la Actividad Art\u00edstica Colombiana. La secretar\u00eda de Cultura ratific\u00f3 el compromiso de preservar y conservar el patrimonio de los nortesantandereanos.<\/p>\n<p>Las obras de recuperaci\u00f3n estar\u00e1n a cargo del Consorcio Santander, ganador de la licitaci\u00f3n 008 de 2016. La firma se encargar\u00e1 de:<\/p>\n<p>1.- Adecuaci\u00f3n, construcci\u00f3n, mantenimiento, enchape y refuerzo de cimientos, muros, paredes y pisos.<\/p>\n<p>2.- Construcci\u00f3n de la cubierta y un tanque subterr\u00e1neo<\/p>\n<p>3.- Adecuaci\u00f3n de instalaciones hidr\u00e1ulicas, sanitarias y el\u00e9ctricas.<\/p>\n<p>El consorcio tendr\u00e1 plazo de 10 meses para la ejecuci\u00f3n de la obra, la cual inici\u00f3 con el encerramiento y la se\u00f1alizaci\u00f3n de la casa.<\/p>\n<p><strong>Foto: PRENSA GOBERNACI\u00d3N<\/strong><\/p>\n<p>&nbsp; <\/p>\n","protected":false},"excerpt":{"rendered":"<p>VILLA DEL ROSARIO \u2013 Norte de Santander.- Cerca de $ 1350 millones, provenientes del Gobierno, la Gobernaci\u00f3n de Norte de Santander y la Alcald\u00eda de Villa del Rosario, ser\u00e1n invertidos en la recuperaci\u00f3n de la Casa de la Cultura \u2018Francisco de Paula Santander\u2019. La emblem\u00e1tica estructura comenz\u00f3 a derrumbarse en 2012. El ministerio de Cultura &hellip;<\/p>\n","protected":false},"author":1,"featured_media":29204,"comment_status":"open","ping_status":"open","sticky":false,"template":"","format":"standard","meta":{"footnotes":""},"categories":[4,2630,37],"tags":[3462,2656,379,658],"class_list":["post-29203","post","type-post","status-publish","format-standard","has-post-thumbnail","hentry","category-barra","category-gobernacion","category-paseo-cultural","tag-alcaldia-de-villa-del-rosario","tag-casa-de-la-cultura-de-villa-del-rosario","tag-gobernacion-de-norte-de-santander","tag-ministerio-de-cultura"],"_links":{"self":[{"href":"https:\/\/contraluzcucuta.co\/index.php?rest_route=\/wp\/v2\/posts\/29203","targetHints":{"allow":["GET"]}}],"collection":[{"href":"https:\/\/contraluzcucuta.co\/index.php?rest_route=\/wp\/v2\/posts"}],"about":[{"href":"https:\/\/contraluzcucuta.co\/index.php?rest_route=\/wp\/v2\/types\/post"}],"author":[{"embeddable":true,"href":"https:\/\/contraluzcucuta.co\/index.php?rest_route=\/wp\/v2\/users\/1"}],"replies":[{"embeddable":true,"href":"https:\/\/contraluzcucuta.co\/index.php?rest_route=%2Fwp%2Fv2%2Fcomments&post=29203"}],"version-history":[{"count":1,"href":"https:\/\/contraluzcucuta.co\/index.php?rest_route=\/wp\/v2\/posts\/29203\/revisions"}],"predecessor-version":[{"id":29205,"href":"https:\/\/contraluzcucuta.co\/index.php?rest_route=\/wp\/v2\/posts\/29203\/revisions\/29205"}],"wp:featuredmedia":[{"embeddable":true,"href":"https:\/\/contraluzcucuta.co\/index.php?rest_route=\/wp\/v2\/media\/29204"}],"wp:attachment":[{"href":"https:\/\/contraluzcucuta.co\/index.php?rest_route=%2Fwp%2Fv2%2Fmedia&parent=29203"}],"wp:term":[{"taxonomy":"category","embeddable":true,"href":"https:\/\/contraluzcucuta.co\/index.php?rest_route=%2Fwp%2Fv2%2Fcategories&post=29203"},{"taxonomy":"post_tag","embeddable":true,"href":"https:\/\/contraluzcucuta.co\/index.php?rest_route=%2Fwp%2Fv2%2Ftags&post=29203"}],"curies":[{"name":"wp","href":"https:\/\/api.w.org\/{rel}","templated":true}]}}