{"id":29188,"date":"2017-01-21T15:20:01","date_gmt":"2017-01-21T20:20:01","guid":{"rendered":"http:\/\/contraluzcucuta.co\/?p=29188"},"modified":"2017-01-21T15:20:01","modified_gmt":"2017-01-21T20:20:01","slug":"necrologia-j-j-contreras-al-periodismo-uno-lo-quiere-lo-ama-y-muere-con-el","status":"publish","type":"post","link":"https:\/\/contraluzcucuta.co\/?p=29188","title":{"rendered":"NECROLOG\u00cdA. J.J. Contreras: \u201cAl periodismo uno lo quiere, lo ama y muere con \u00e9l\u201d"},"content":{"rendered":"<p><strong>C\u00daCUTA.-<\/strong> Si se menciona el nombre de Juan Jos\u00e9 Contreras entre estudiantes de comunicaci\u00f3n social de C\u00facuta, quiz\u00e1s las miradas reflejen incertidumbre por no saber sobre a qui\u00e9n se hace referencia. Los periodistas, grandes periodistas que viven y comparten experiencias en los c\u00edrculos selectos, seguro afirmar\u00e1n que es imposible desconocer una figura que hizo parte de la historia de los medios de comunicaci\u00f3n cucute\u00f1os.<\/p>\n<p>A aquel que le gusta la radio seguro conoce el proceso evolutivo que se ha dado en emisoras, equipos de manejo y personal de trabajo en la ciudad. Juan Jos\u00e9 naci\u00f3 en 1937, en Chin\u00e1cota y vivi\u00f3 en C\u00facuta desde el primer a\u00f1o.<\/p>\n<p>La baja estatura, la piel sin rechazo al correr de los a\u00f1os, el caminar pausado y el vestir despreocupado lo hicieron pasar inadvertido en un escenario acad\u00e9mico o en un encuentro de periodistas. Al entablar conversaciones con Juan Jos\u00e9 daba gusto escucharlo.<\/p>\n<p>Estudio primaria en el colegio San Rafael y la escuela de La Cabrera. M\u00e1s que cinco a\u00f1os de preparaci\u00f3n, fueron las ganas de trabajar las que le permitieron laborar en Radio Guaimaral, La Voz del Norte, La Voz del R\u00edo Zulia, Radio Festival, Radio Zulima, Trasmisora Universal y Radio monumental.<\/p>\n<p>El primer encuentro con Carlos Ram\u00edrez Par\u00eds, su mentor en la radio, lo tuvo cuando le pidi\u00f3 el favor de llevarle un tinto del Club Comercio al Teatro Municipal. Otra noche, una ventisca arranc\u00f3 los afiches de las carteleras del teatro. Juan Jos\u00e9 las recogi\u00f3 y las llev\u00f3 al gerente Ram\u00edrez. Por esa acci\u00f3n obtuvo entradas gratis a cine.<\/p>\n<p>Le gustaba bailar y beber cerveza con los amigos. La juventud fue una \u00e9poca sana, no tuvo s\u00faper h\u00e9roes y le encantaba asistir a las funciones matinales de los domingos en el teatro Guzm\u00e1n Berti (centro comercial Alejandr\u00eda). Entre las pel\u00edculas preferidas estaban las vaqueras.<\/p>\n<p>En alguna ocasi\u00f3n lament\u00f3 no haber continuado los estudios por culpa del amor. No por una mujer, sino por el dinero. Trabaj\u00f3 en el almac\u00e9n Las Tres X, la droguer\u00eda Guasimales y la carnicer\u00eda de Jes\u00fas Ram\u00edrez.<\/p>\n<p>A la radio lleg\u00f3 en 1952. Inici\u00f3 como barrendero, mensajero, cobrador, control, jefe de controles, instalador, trasmisorista, locutor y periodista. Esta carrera la hizo en Radio Guaimaral. Narr\u00f3 f\u00fatbol y baloncesto, y viaj\u00f3 por el pa\u00eds en compa\u00f1\u00eda del C\u00facuta Deportivo y del quinteto de Norte de Santander. En 1965, se independiz\u00f3 y cre\u00f3 Notideportes. Era el redioperi\u00f3dico con \u2018Noticias, comentarios, entrevistas, deportes y algo m\u00e1s\u2019.<\/p>\n<p>La prensa escrita tambi\u00e9n estuvo entre sus aficiones. Escribi\u00f3 para los desaparecidos Diario de la Frontera y Cosmos. Era lento para escribir a m\u00e1quina, raz\u00f3n por la que no pudo ingresar al grupo de redactores de La Opini\u00f3n, a pesar de la amistad con el director Eustorgio Colmenares.<\/p>\n<p>La tristeza lo embargaba al recordar las muertes violentas de Carlos Ram\u00edrez Par\u00eds y Eustorgio Colmenares. Despidi\u00f3 a muchos de sus grandes colegas y hoy le lleg\u00f3 el turno de partir de este mundo, cuando se dispon\u00eda a cumplir 80 a\u00f1os.<\/p>\n<p>El velatorio se lleva a cabo en la Funeraria Los olivos, la misa se oficiar\u00e1 este domingo en la iglesia Cristo Evangelizador, a las 9.00 de la ma\u00f1ana, y el sepelio en Jardines Los Olivos. Paz en la tumba.<\/p>\n<p><strong>Tomado del perfil escrito por Cristian Morales, en el 2014, para la revista <a href=\"http:\/\/www.contraluzcucuta.co\">www.contraluzcucuta.co<\/a><\/strong><\/p>\n<p><strong>Foto: Especial para <a href=\"http:\/\/www.contraluzcucuta.co\">www.contraluzcucuta.co<\/a><\/strong><\/p>\n<p>&nbsp;<\/p>\n<p>&nbsp; <\/p>\n","protected":false},"excerpt":{"rendered":"<p>C\u00daCUTA.- Si se menciona el nombre de Juan Jos\u00e9 Contreras entre estudiantes de comunicaci\u00f3n social de C\u00facuta, quiz\u00e1s las miradas reflejen incertidumbre por no saber sobre a qui\u00e9n se hace referencia. Los periodistas, grandes periodistas que viven y comparten experiencias en los c\u00edrculos selectos, seguro afirmar\u00e1n que es imposible desconocer una figura que hizo parte &hellip;<\/p>\n","protected":false},"author":1,"featured_media":29189,"comment_status":"open","ping_status":"open","sticky":false,"template":"","format":"standard","meta":{"footnotes":""},"categories":[45,4],"tags":[3457,3458],"class_list":["post-29188","post","type-post","status-publish","format-standard","has-post-thumbnail","hentry","category-destacado","category-barra","tag-juan-jose-contreras","tag-periodismo-cucuteno"],"_links":{"self":[{"href":"https:\/\/contraluzcucuta.co\/index.php?rest_route=\/wp\/v2\/posts\/29188","targetHints":{"allow":["GET"]}}],"collection":[{"href":"https:\/\/contraluzcucuta.co\/index.php?rest_route=\/wp\/v2\/posts"}],"about":[{"href":"https:\/\/contraluzcucuta.co\/index.php?rest_route=\/wp\/v2\/types\/post"}],"author":[{"embeddable":true,"href":"https:\/\/contraluzcucuta.co\/index.php?rest_route=\/wp\/v2\/users\/1"}],"replies":[{"embeddable":true,"href":"https:\/\/contraluzcucuta.co\/index.php?rest_route=%2Fwp%2Fv2%2Fcomments&post=29188"}],"version-history":[{"count":1,"href":"https:\/\/contraluzcucuta.co\/index.php?rest_route=\/wp\/v2\/posts\/29188\/revisions"}],"predecessor-version":[{"id":29190,"href":"https:\/\/contraluzcucuta.co\/index.php?rest_route=\/wp\/v2\/posts\/29188\/revisions\/29190"}],"wp:featuredmedia":[{"embeddable":true,"href":"https:\/\/contraluzcucuta.co\/index.php?rest_route=\/wp\/v2\/media\/29189"}],"wp:attachment":[{"href":"https:\/\/contraluzcucuta.co\/index.php?rest_route=%2Fwp%2Fv2%2Fmedia&parent=29188"}],"wp:term":[{"taxonomy":"category","embeddable":true,"href":"https:\/\/contraluzcucuta.co\/index.php?rest_route=%2Fwp%2Fv2%2Fcategories&post=29188"},{"taxonomy":"post_tag","embeddable":true,"href":"https:\/\/contraluzcucuta.co\/index.php?rest_route=%2Fwp%2Fv2%2Ftags&post=29188"}],"curies":[{"name":"wp","href":"https:\/\/api.w.org\/{rel}","templated":true}]}}