{"id":29174,"date":"2017-01-21T11:19:13","date_gmt":"2017-01-21T16:19:13","guid":{"rendered":"http:\/\/contraluzcucuta.co\/?p=29174"},"modified":"2017-01-21T11:19:13","modified_gmt":"2017-01-21T16:19:13","slug":"charla-con-gerhard-hansen-la-lepra-no-es-una-enfermedad-hereditaria","status":"publish","type":"post","link":"https:\/\/contraluzcucuta.co\/?p=29174","title":{"rendered":"CHARLA CON\u2026 Gerhard Hansen: \u00a0\u00a0la lepra no es una enfermedad hereditaria"},"content":{"rendered":"<p>Gerhard Henrik Armauer Hansen se interes\u00f3 por el estudio de la <a href=\"http:\/\/www.granma.cu\/consulta-medica\/2015-03-01\/lepra\">lepra<\/a>, enfermedad com\u00fan en Noruega. Estuvo a punto de que le robaran los cr\u00e9ditos de las investigaciones por parte del alem\u00e1n Alberto Neisser. A\u00f1os despu\u00e9s, retom\u00f3 el honor y hoy se conoce esta enfermedad como \u2018Gerhard Henrik Armauer Hansen\u2019.<\/p>\n<p>Cuarentaicuatro nuevos casos de lepra se conocieron en <a href=\"https:\/\/contraluzcucuta.co\/articulos\/salud-publica-en-norte-de-santander-hay-29-casos-de-lepra-por-cada-100-000-habitantes\/\">Norte de Santander<\/a> (Colombia), durante el 2016. La cifra &nbsp;corresponde a una prevalencia de 0,32 casos por 10.000 habitantes. Adem\u00e1s, se captaron 40 casos nuevos con una incidencia de 2,9 casos por 100.000 habitantes. Los datos confirman que la enfermedad contin\u00faa siendo de especial inter\u00e9s para la salud p\u00fablica, especialmente en \u00c1brego, Puerto Santander, Sardinata y Cucutilla.<\/p>\n<p>El 30 de enero, se conmemorar\u00e1 el D\u00eda Mundial de lucha contra la lepra o enfermedad de Hansen. La fecha servir\u00e1 para fortalecer las acciones de sensibilizaci\u00f3n frente a la enfermedad y disminuir el estigma que afrontan los pacientes. El lema de la jornada es \u2018Diagnostique a tiempo y viva sin barreras\u2019.<\/p>\n<p><strong>\u00bfNombre?<\/strong><\/p>\n<p>Gerhard Henrik Armauer Hansen<\/p>\n<p><strong>\u00bfFecha de nacimiento?<\/strong><\/p>\n<p>29 de julio de 1841.<\/p>\n<p><strong>\u00bfQui\u00e9nes fueron sus padres?<\/strong><\/p>\n<p>Mi madre Elizabeth Concordia Schram era miembro de una familia de carpinteros que se establecieron en Bergen. Mi padre Claus Hansen fue un comerciante que tras la crisis de 1848-1851 quebr\u00f3 y se arruin\u00f3. Desde entonces trabaj\u00f3 como cajero en un banco.<\/p>\n<p><strong>\u00bfEstudios?<\/strong><\/p>\n<p>Estudi\u00e9 medicina en la Universidad de Christiania (ahora Oslo) a la vez que trabajaba para pagarme los estudios. Me gradu\u00e9 en 1866 y por entonces hab\u00eda demostrado talento para la investigaci\u00f3n.<\/p>\n<p><strong>\u00bfD\u00f3nde hizo las pr\u00e1cticas?<\/strong><\/p>\n<p>En el Hospital Nacional en Christiania (Rikshospitalet). Despu\u00e9s, ejerc\u00ed como m\u00e9dico asistente del Hospital Nacional de Oslo, durante un a\u00f1o. Luego, desempe\u00f1\u00e9 el cargo de oficial m\u00e9dico de una compa\u00f1\u00eda de pesca.<\/p>\n<p><strong>\u00bfPor qu\u00e9 se aburri\u00f3?<\/strong><\/p>\n<p>Harto de la rutina regres\u00e9 a mi pueblo natal (Bergen) en 1869, que se consideraba centro para la investigaci\u00f3n de la lepra.<\/p>\n<p><strong>\u00bfQu\u00e9 era la lepra?<\/strong><\/p>\n<p>En ese momento la enfermedad constitu\u00eda un problema social en Noruega, con unos 3.000 afectados.<\/p>\n<p><strong>\u00bfEn qu\u00e9 trabaj\u00f3?<\/strong><\/p>\n<p>Pronto fui nombrado auxiliar del Lungegaarden Hospital, bajo la direcci\u00f3n de Daniel Cornelius Danielssen quien, con Carl Wilhelm Boeck, en 1847, hab\u00eda publicado el trabajo Om Spedalskhed (Sobre la lepra).<\/p>\n<p><strong>\u00bfLa lepra es hereditaria?<\/strong><\/p>\n<p>Danielssen la consider\u00f3 como hereditaria. Viajamos a los sitios m\u00e1s remotos para atender a los leprosos y para recoger material para los estudios. Basado en los estudios epidemiol\u00f3gicos conclu\u00ed que la lepra era una enfermedad espec\u00edfica que deb\u00eda tener una causa espec\u00edfica y no hereditaria.<\/p>\n<p><strong>\u00bfPor qu\u00e9 lo asegur\u00f3 de esa manera?<\/strong><\/p>\n<p>Estaba convencido de que una bacteria llevaba la enfermedad de persona a persona. Se trataba de una especulaci\u00f3n atrevida en un momento en el que el concepto de contagio todav\u00eda no estaba claro y nadie hab\u00eda podido demostrar que una bacteria pod\u00eda ser la causa de una enfermedad.<\/p>\n<p><strong>\u00bfLe creyeron?<\/strong><\/p>\n<p>No. Estas afirmaciones me ocasionaron problemas profesionales con mi superior, aunque no personales.<\/p>\n<p><strong>\u00bfQu\u00e9 efecto surtieron los estudios?<\/strong><\/p>\n<p>El n\u00famero de nuevos casos de lepra disminuy\u00f3 gracias a la eficacia de las medidas que se tomaron contra el contagio.<\/p>\n<p><strong>\u00bfCu\u00e1ndo public\u00f3 su primer trabajo sobre la materia?<\/strong><\/p>\n<p>En 1869, en noruego en 1871. Describ\u00ed la apariencia y las alteraciones del tejido linfoide de los leprosos. Apliqu\u00e9 el t\u00e9rmino \u2018infectionsstoff\u2019 (la \u2018substancia infecciosa\u2019). No est\u00e1 claro del todo su significado.<\/p>\n<p><strong>\u00bfTen\u00eda buen equipo para investigar?<\/strong><\/p>\n<p>La pobreza del equipamiento del laboratorio no permit\u00eda trabajar con comodidad y obtener buenas preparaciones.<\/p>\n<p><strong>\u00bfQu\u00e9 es el bacilo de Hansen?<\/strong><\/p>\n<p>En 1871, me lanc\u00e9 a buscar el agente causal. Decid\u00ed buscar bacterias en la sangre de enfermos de lepra. Al no hallarlos, los busqu\u00e9 en los n\u00f3dulos superficiales. Vi en estos unos cuerpos dentro de las c\u00e9lulas que se parec\u00edan a bacterias; no estaban en todas, pero s\u00ed en la mayor\u00eda. Al principio era incapaz de ver estos cuerpos en pacientes con lepra tuberculosa, pero despu\u00e9s de estudios prolongados tambi\u00e9n los hall\u00e9. No observaba ninguna diferencia entre estos cuerpos y las verdaderas bacterias. En 1873, describ\u00ed estos cuerpos, conocidos con el nombre de bacilo de Hansen.<\/p>\n<p><strong>\u00bfC\u00f3mo recibieron los colegas esos descubrimientos?<\/strong><\/p>\n<p>La mayor\u00eda de los colegas se rio. Seg\u00fan ellos, hab\u00edan visto esas estructuras, pero se\u00f1alaron que no eran las causantes de la enfermedad.<\/p>\n<p><strong>\u00bfEsa burla merm\u00f3 sus investigaciones?<\/strong><\/p>\n<p>Qu\u00e9 va. En 1879, era capaz, mediante el uso de t\u00e9cnicas mejoradas, de mostrar los bacilos en gran n\u00famero en las c\u00e9lulas. Cre\u00eda firmemente que eran el agente etiol\u00f3gico de la lepra.<\/p>\n<p><strong>\u00bfC\u00f3mo fue el inconveniente con el bacteri\u00f3logo alem\u00e1n Alberto Neisser?<\/strong><\/p>\n<p>Sencillo. Me visit\u00f3, examin\u00f3 m\u00e1s de 100 pacientes y le entregu\u00e9 preparaciones histol\u00f3gicas de n\u00f3dulos en los que no pod\u00edan verse de forma clara los \u201ccuerpos\u201d. De regreso a Alemania, &nbsp;no dud\u00f3 en publicar los resultados de las investigaciones, sin comunic\u00e1rmelo. En 1881, public\u00f3 un art\u00edculo &nbsp;en el que se atribu\u00eda el honor de descubrir el microbio que causaba la enfermedad, a la vez que trat\u00f3 de desacreditarme. No hay duda de que Neisser pens\u00f3 robarme el descubrimiento.<\/p>\n<p><strong>\u00bfY usted qu\u00e9 hizo?<\/strong><\/p>\n<p>La reacci\u00f3n fue la indignaci\u00f3n, particularmente porque el t\u00e9rmino \u2018bacteria de Neisser\u2019 estaba utiliz\u00e1ndose. Animado por mis colegas defend\u00ed mi posici\u00f3n sin entrar en la pol\u00e9mica de forma directa. Reun\u00ed los trabajos sobre el tema desarrollados desde los a\u00f1os 70 y los publiqu\u00e9 en noruego, alem\u00e1n, ingl\u00e9s y franc\u00e9s.<\/p>\n<p><strong>\u00bfCu\u00e1nto dur\u00f3 ese conflicto?<\/strong><\/p>\n<p>Mucho tiempo. En el congreso sobre la lepra que se celebr\u00f3 en Berl\u00edn que me reconoci\u00f3 oficialmente como el verdadero descubridor del bacilo de la lepra. En las memorias que escrib\u00ed 30 a\u00f1os despu\u00e9s, se\u00f1al\u00e9 que Danielssen estaba furioso, porque no respond\u00ed de manera m\u00e1s agresiva al intento de Neisser de atribuirse el descubrimiento.<\/p>\n<p><strong>\u00bfRecibi\u00f3 muchos reconocimientos y premios por sus estudios sobre la lepra?<\/strong><\/p>\n<p>S\u00ed. Fui presidente de honor de la secci\u00f3n de dermatolog\u00eda y s\u00edfilis del Congreso M\u00e9dico Internacional que se celebr\u00f3 en Copenhague en 1884; presidente del International Leprosy Committee; presidente honorario de la Conf\u00e9rence Internationale de la L\u00e8pre, en Berl\u00edn, y presidente de la segunda, que tuvo lugar en Bergen, en 1909.<\/p>\n<p><strong>\u00bfAdem\u00e1s de los trabajos sobre la lepra, qu\u00e9 m\u00e1s estudi\u00f3?<\/strong><\/p>\n<p>Cultiv\u00e9 la historia natural, especialmente la zoolog\u00eda. Dediqu\u00e9 mucho tiempo a estudiar especies de moluscos y gusanos. Fui director del Museo de Historia Natural de Bergen, en 1847. Jugu\u00e9 un papel destacado en la difusi\u00f3n de las ideas de Darwin, fui un radical en mi tiempo, un ateo con actitud hostil hacia la iglesia. Las personas del c\u00edrculo m\u00e1s \u00edntimo me describieron como amable, de buen coraz\u00f3n, poco ambicioso y enemigo de las formas sup\u00e9rfluas.<\/p>\n<p><strong>\u00bfQu\u00e9 predicciones dej\u00f3 para la humanidad?<\/strong><\/p>\n<p>Que ser\u00e1 en el siglo XX cuando se resuelva el enigma de la vida; dud\u00e9 de que las religiones perduren en el futuro, y apoy\u00e9 las demandas y reivindicaciones de las clases obreras. &nbsp;El 12 de febrero de 1912, en Flor\u00f8, pueblo de la costa occidental, fallec\u00ed.<\/p>\n<p><strong><em>Adaptado del original escrito por: Jos\u00e9 L. Fresquet. Instituto de Historia de la Medicina y de la Ciencia (Universidad de Valencia &#8211; CSIC). Agosto, 2004.<\/em><\/strong><\/p>\n<p><a href=\"http:\/\/www.historiadelamedicina.org\"><strong><em>http:\/\/www.historiadelamedicina.org<\/em><\/strong><\/a><\/p>\n<p><strong>RAFAEL ANTONIO PAB\u00d3N<\/strong><\/p>\n<p><a href=\"mailto:rafaelpabon58@hotmail.com\"><strong>rafaelpabon58@hotmail.com<\/strong><\/a> <\/p>\n","protected":false},"excerpt":{"rendered":"<p>Gerhard Henrik Armauer Hansen se interes\u00f3 por el estudio de la lepra, enfermedad com\u00fan en Noruega. Estuvo a punto de que le robaran los cr\u00e9ditos de las investigaciones por parte del alem\u00e1n Alberto Neisser. A\u00f1os despu\u00e9s, retom\u00f3 el honor y hoy se conoce esta enfermedad como \u2018Gerhard Henrik Armauer Hansen\u2019. Cuarentaicuatro nuevos casos de lepra &hellip;<\/p>\n","protected":false},"author":1,"featured_media":29175,"comment_status":"open","ping_status":"open","sticky":false,"template":"","format":"standard","meta":{"footnotes":""},"categories":[51,4],"tags":[1681,3453,3452,3450],"class_list":["post-29174","post","type-post","status-publish","format-standard","has-post-thumbnail","hentry","category-charlas-con","category-barra","tag-charlas-con-2","tag-enfermedad-de-hansen","tag-gerhard-henrik-armauer-hansen","tag-lepra-en-norte-de-santander"],"_links":{"self":[{"href":"https:\/\/contraluzcucuta.co\/index.php?rest_route=\/wp\/v2\/posts\/29174","targetHints":{"allow":["GET"]}}],"collection":[{"href":"https:\/\/contraluzcucuta.co\/index.php?rest_route=\/wp\/v2\/posts"}],"about":[{"href":"https:\/\/contraluzcucuta.co\/index.php?rest_route=\/wp\/v2\/types\/post"}],"author":[{"embeddable":true,"href":"https:\/\/contraluzcucuta.co\/index.php?rest_route=\/wp\/v2\/users\/1"}],"replies":[{"embeddable":true,"href":"https:\/\/contraluzcucuta.co\/index.php?rest_route=%2Fwp%2Fv2%2Fcomments&post=29174"}],"version-history":[{"count":1,"href":"https:\/\/contraluzcucuta.co\/index.php?rest_route=\/wp\/v2\/posts\/29174\/revisions"}],"predecessor-version":[{"id":29176,"href":"https:\/\/contraluzcucuta.co\/index.php?rest_route=\/wp\/v2\/posts\/29174\/revisions\/29176"}],"wp:featuredmedia":[{"embeddable":true,"href":"https:\/\/contraluzcucuta.co\/index.php?rest_route=\/wp\/v2\/media\/29175"}],"wp:attachment":[{"href":"https:\/\/contraluzcucuta.co\/index.php?rest_route=%2Fwp%2Fv2%2Fmedia&parent=29174"}],"wp:term":[{"taxonomy":"category","embeddable":true,"href":"https:\/\/contraluzcucuta.co\/index.php?rest_route=%2Fwp%2Fv2%2Fcategories&post=29174"},{"taxonomy":"post_tag","embeddable":true,"href":"https:\/\/contraluzcucuta.co\/index.php?rest_route=%2Fwp%2Fv2%2Ftags&post=29174"}],"curies":[{"name":"wp","href":"https:\/\/api.w.org\/{rel}","templated":true}]}}