{"id":29167,"date":"2017-01-19T17:49:58","date_gmt":"2017-01-19T22:49:58","guid":{"rendered":"http:\/\/contraluzcucuta.co\/?p=29167"},"modified":"2017-01-19T17:49:58","modified_gmt":"2017-01-19T22:49:58","slug":"salud-publica-en-norte-de-santander-hay-29-casos-de-lepra-por-cada-100-000-habitantes","status":"publish","type":"post","link":"https:\/\/contraluzcucuta.co\/?p=29167","title":{"rendered":"SALUD P\u00daBLICA. En Norte de Santander hay 2,9 casos de lepra por cada 100.000 habitantes"},"content":{"rendered":"<p><strong>C\u00daCUTA.-<\/strong> Cuarentaicuatro nuevos casos de lepra se conocieron en el departamento, durante el 2016. La cifra &nbsp;corresponde a una prevalencia de 0,32 casos por 10.000 habitantes. Adem\u00e1s, se captaron 40 casos nuevos con una incidencia de 2,9 casos por 100.000 habitantes. Los datos confirman que la enfermedad contin\u00faa siendo de especial inter\u00e9s para la salud p\u00fablica, especialmente para \u00c1brego, Puerto Santander, Sardinata y Cucutilla.<\/p>\n<p>El 30 de enero, se conmemorar\u00e1 el D\u00eda Mundial de lucha contra la lepra o enfermedad de Hansen. La fecha servir\u00e1 para fortalecer las acciones de sensibilizaci\u00f3n frente a la enfermedad y disminuir el estigma que afrontan los pacientes. El lema de la jornada es \u2018Diagnostique a tiempo y viva sin barreras\u2019.<\/p>\n<p>Asociaciones de pacientes y especialistas participar\u00e1n en las actividades de sensibilizaci\u00f3n para recordar a la comunidad que la enfermedad es causada por un bacilo que afecta la piel, nervios perif\u00e9ricos, tracto respiratorio y ojos. Se presenta con manchas \u00fanicas o m\u00faltiples que pueden ser blanquecinas, rojizas o cobrizas, aplanadas o elevadas, no producen picaz\u00f3n y por lo general no duelen.&nbsp; Con el tiempo el paciente pierde sensibilidad al calor, fr\u00edo, tacto o dolor.<\/p>\n<p>Norte de Santander busca dar respuesta al Plan Nacional de eliminaci\u00f3n de la lepra con actividades que buscan:<\/p>\n<p>1.- Ampliar los servicios de tratamiento en los centros de salud<\/p>\n<p>2.- Garantizar tratamientos apropiados para incentivar a los pacientes a que accedan de manera regular y lo reciban completo<\/p>\n<p>3.- Promover conciencia en la comunidad para que quienes tienen lesiones sospechosas acudan a los servicios de salud<\/p>\n<p>4.- Monitorear el progreso de la estrategia.<\/p>\n<p>El tratamiento para la lepra o enfermedad de Hansen es gratuito y garantiza el \u00e9xito si es diagnosticado oportunamente por medio &nbsp;del examen m\u00e9dico general, baciloscopia y biopsia.<\/p>\n<p>Las autoridades de salud de la regi\u00f3n insisten en superar el estigma y recordaron que la enfermedad no es hereditaria y la mayor\u00eda de seres humanos son inmunes. Si se descubre a tiempo, el tratamiento es m\u00e1s corto y no produce discapacidad.&nbsp;&nbsp;&nbsp;<\/p>\n<p>No existe peligro al convivir con un paciente con lepra si asiste a los controles y recibe el tratamiento garantizado por el Sistema de Salud. Se recomienda que los convivientes sean examinados anualmente.<\/p>\n<p>La lepra lleg\u00f3 a Am\u00e9rica hace 500 a\u00f1os e ingres\u00f3 a Colombia por el Puerto de Cartagena.<\/p>\n<p><strong>Foto: img.emol.com<\/strong><\/p>\n<p>&nbsp; <\/p>\n","protected":false},"excerpt":{"rendered":"<p>C\u00daCUTA.- Cuarentaicuatro nuevos casos de lepra se conocieron en el departamento, durante el 2016. La cifra &nbsp;corresponde a una prevalencia de 0,32 casos por 10.000 habitantes. Adem\u00e1s, se captaron 40 casos nuevos con una incidencia de 2,9 casos por 100.000 habitantes. Los datos confirman que la enfermedad contin\u00faa siendo de especial inter\u00e9s para la salud &hellip;<\/p>\n","protected":false},"author":1,"featured_media":29168,"comment_status":"open","ping_status":"open","sticky":false,"template":"","format":"standard","meta":{"footnotes":""},"categories":[4,32],"tags":[3450,1884],"class_list":["post-29167","post","type-post","status-publish","format-standard","has-post-thumbnail","hentry","category-barra","category-recorrido-por-la-region","tag-lepra-en-norte-de-santander","tag-salud-publica"],"_links":{"self":[{"href":"https:\/\/contraluzcucuta.co\/index.php?rest_route=\/wp\/v2\/posts\/29167","targetHints":{"allow":["GET"]}}],"collection":[{"href":"https:\/\/contraluzcucuta.co\/index.php?rest_route=\/wp\/v2\/posts"}],"about":[{"href":"https:\/\/contraluzcucuta.co\/index.php?rest_route=\/wp\/v2\/types\/post"}],"author":[{"embeddable":true,"href":"https:\/\/contraluzcucuta.co\/index.php?rest_route=\/wp\/v2\/users\/1"}],"replies":[{"embeddable":true,"href":"https:\/\/contraluzcucuta.co\/index.php?rest_route=%2Fwp%2Fv2%2Fcomments&post=29167"}],"version-history":[{"count":1,"href":"https:\/\/contraluzcucuta.co\/index.php?rest_route=\/wp\/v2\/posts\/29167\/revisions"}],"predecessor-version":[{"id":29169,"href":"https:\/\/contraluzcucuta.co\/index.php?rest_route=\/wp\/v2\/posts\/29167\/revisions\/29169"}],"wp:featuredmedia":[{"embeddable":true,"href":"https:\/\/contraluzcucuta.co\/index.php?rest_route=\/wp\/v2\/media\/29168"}],"wp:attachment":[{"href":"https:\/\/contraluzcucuta.co\/index.php?rest_route=%2Fwp%2Fv2%2Fmedia&parent=29167"}],"wp:term":[{"taxonomy":"category","embeddable":true,"href":"https:\/\/contraluzcucuta.co\/index.php?rest_route=%2Fwp%2Fv2%2Fcategories&post=29167"},{"taxonomy":"post_tag","embeddable":true,"href":"https:\/\/contraluzcucuta.co\/index.php?rest_route=%2Fwp%2Fv2%2Ftags&post=29167"}],"curies":[{"name":"wp","href":"https:\/\/api.w.org\/{rel}","templated":true}]}}