{"id":29163,"date":"2017-01-19T17:33:51","date_gmt":"2017-01-19T22:33:51","guid":{"rendered":"http:\/\/contraluzcucuta.co\/?p=29163"},"modified":"2017-01-19T17:33:51","modified_gmt":"2017-01-19T22:33:51","slug":"derechos-vulnerados-acord-colombia-se-declara-en-sesion-permanente","status":"publish","type":"post","link":"https:\/\/contraluzcucuta.co\/?p=29163","title":{"rendered":"DERECHOS VULNERADOS. Acord Colombia se declara en &#8220;sesi\u00f3n permanente&#8221;"},"content":{"rendered":"<p><strong>C\u00daCUTA.-<\/strong> La Asociaci\u00f3n Colombiana de Periodistas Deportivos (Acord) Colombia y los 1250 comunicadores afiliados se declararon&nbsp; en \u201csesi\u00f3n permanente\u201d, con el fin de poner punto final a las diferencias que hasta ahora se han dado con la Dimayor y los clubes profesionales de f\u00fatbol.<\/p>\n<p>Presidentes y delegados de las 26 regionales se reunieron en C\u00facuta, durante los XV Juegos Nacionales. Los directivos analizaron la situaci\u00f3n presentada por el desconocimiento y la violaci\u00f3n de los derechos fundamentales de los agremiados por parte de la dirigencia&nbsp; y los clubes del f\u00fatbol profesional en el pa\u00eds.<\/p>\n<p>La Dimayor y los clubes han desconocido los derechos que otorga la c\u00e9dula oficial de Acord a los periodistas deportivos, de acuerdo con el art\u00edculo sexto del Decreto 2428 del 8 de septiembre de 1955, firmado por el presidente de la Rep\u00fablica y el ministro de Educaci\u00f3n de la \u00e9poca.<\/p>\n<p>La norma dice: \u2018Recon\u00f3cese la c\u00e9dula de la Asociaci\u00f3n Colombiana de Redactores Deportivos como suficiente y necesaria, y carta de identificaci\u00f3n para los efectos del presente Decreto, y en especial para su presentaci\u00f3n y aceptaci\u00f3n en todo espect\u00e1culo de car\u00e1cter deportivo aficionado o profesional, que se realice en el territorio colombiano\u2019.<\/p>\n<p>Acord Colombia ha hecho esfuerzos permanentes para zanjar diferencias mediante reuniones con directivos de la Divisi\u00f3n Mayor del F\u00fatbol Colombiano (Dimayor), hace m\u00e1s de cinco a\u00f1os. Se han efectuado varias reuniones sin que sea posible el reconocimiento al Decreto 2428 de 1955<\/p>\n<p>El \u00f3rgano de Administraci\u00f3n de Acord Colombia, presidido por Carlos Julio Castellanos, denunci\u00f3 que \u201cpersiste la violaci\u00f3n y el desconocimiento de los derechos fundamentales de los agremiados\u201d.<\/p>\n<p>La Asociaci\u00f3n se\u00f1alo que sigue vigente la buena voluntad para hacer valer los derechos, y que es consciente de la necesidad de una buena relaci\u00f3n entre los representantes de los organismos deportivos, entre los que est\u00e1 el f\u00fatbol profesional, y los comunicadores, en aras de las facilidades de difusi\u00f3n.<\/p>\n<p>Ante la situaci\u00f3n planteada, la Acord determin\u00f3:<\/p>\n<p>1.- Declararse&nbsp; en \u201csesi\u00f3n permanente\u201d, con el fin de poner punto final a las diferencias que hasta ahora se han venido dando.<\/p>\n<p>2.- Buscar los mecanismos posibles y tomar las medidas necesarias para conseguir el restablecimiento de&nbsp; los derechos de los periodistas deportivos, los cuales han sido vulnerados, especialmente por los organismos rectores del deporte profesional.<\/p>\n<p>3.- Acudir a las instancias que sean necesarias y que otorga la Ley, para el restablecimiento de los derechos consagrados en el Decreto 2428 del 8 de septiembre de 1955 y de esta manera poner punto final a las diferencias.<\/p>\n<p>4.- Mediar por una sana y pacifica interacci\u00f3n entre directivos y periodistas para llegar a t\u00e9rminos de entendimiento.<\/p>\n<p>\u201cAcord seguir\u00e1 en su empe\u00f1o por mantener las buenas relaciones y el entendimiento entre los asociados y la dirigencia deportiva, sin que ello interfiera al&nbsp; momento de reclamar nuestros derechos\u201d, se\u00f1alo el presidente Castellanos en el comunicado firmado en C\u00facuta.<\/p>\n<p><strong>Foto: ACORD NORTE<\/strong><\/p>\n<p><strong>&nbsp;<\/strong><\/p>\n<p>&nbsp; <\/p>\n","protected":false},"excerpt":{"rendered":"<p>C\u00daCUTA.- La Asociaci\u00f3n Colombiana de Periodistas Deportivos (Acord) Colombia y los 1250 comunicadores afiliados se declararon&nbsp; en \u201csesi\u00f3n permanente\u201d, con el fin de poner punto final a las diferencias que hasta ahora se han dado con la Dimayor y los clubes profesionales de f\u00fatbol. Presidentes y delegados de las 26 regionales se reunieron en C\u00facuta, &hellip;<\/p>\n","protected":false},"author":1,"featured_media":29165,"comment_status":"open","ping_status":"open","sticky":false,"template":"","format":"standard","meta":{"footnotes":""},"categories":[4,28],"tags":[910,1244,2974],"class_list":["post-29163","post","type-post","status-publish","format-standard","has-post-thumbnail","hentry","category-barra","category-vistazo-deportivo","tag-acord-colombia","tag-acord-norte-de-santander","tag-juegos-acord-2017"],"_links":{"self":[{"href":"https:\/\/contraluzcucuta.co\/index.php?rest_route=\/wp\/v2\/posts\/29163","targetHints":{"allow":["GET"]}}],"collection":[{"href":"https:\/\/contraluzcucuta.co\/index.php?rest_route=\/wp\/v2\/posts"}],"about":[{"href":"https:\/\/contraluzcucuta.co\/index.php?rest_route=\/wp\/v2\/types\/post"}],"author":[{"embeddable":true,"href":"https:\/\/contraluzcucuta.co\/index.php?rest_route=\/wp\/v2\/users\/1"}],"replies":[{"embeddable":true,"href":"https:\/\/contraluzcucuta.co\/index.php?rest_route=%2Fwp%2Fv2%2Fcomments&post=29163"}],"version-history":[{"count":1,"href":"https:\/\/contraluzcucuta.co\/index.php?rest_route=\/wp\/v2\/posts\/29163\/revisions"}],"predecessor-version":[{"id":29166,"href":"https:\/\/contraluzcucuta.co\/index.php?rest_route=\/wp\/v2\/posts\/29163\/revisions\/29166"}],"wp:featuredmedia":[{"embeddable":true,"href":"https:\/\/contraluzcucuta.co\/index.php?rest_route=\/wp\/v2\/media\/29165"}],"wp:attachment":[{"href":"https:\/\/contraluzcucuta.co\/index.php?rest_route=%2Fwp%2Fv2%2Fmedia&parent=29163"}],"wp:term":[{"taxonomy":"category","embeddable":true,"href":"https:\/\/contraluzcucuta.co\/index.php?rest_route=%2Fwp%2Fv2%2Fcategories&post=29163"},{"taxonomy":"post_tag","embeddable":true,"href":"https:\/\/contraluzcucuta.co\/index.php?rest_route=%2Fwp%2Fv2%2Ftags&post=29163"}],"curies":[{"name":"wp","href":"https:\/\/api.w.org\/{rel}","templated":true}]}}