{"id":29155,"date":"2017-01-19T15:44:16","date_gmt":"2017-01-19T20:44:16","guid":{"rendered":"http:\/\/contraluzcucuta.co\/?p=29155"},"modified":"2017-01-19T15:44:16","modified_gmt":"2017-01-19T20:44:16","slug":"notas-al-margen-venezuela-y-colombia-requieren-mayor-entendimiento","status":"publish","type":"post","link":"https:\/\/contraluzcucuta.co\/?p=29155","title":{"rendered":"NOTAS AL MARGEN. Venezuela y Colombia requieren mayor entendimiento"},"content":{"rendered":"<p>1.- Mientras no haya un aut\u00e9ntico&nbsp; y verdadero entendimiento entre las fuentes de poder de Venezuela y Colombia, y participando una representaci\u00f3n diligente y activa de las zonas fronterizas con el fin de atender y resolver cuanto acontece en las relaciones de mancomunidad y correspondencia bilateral, como en las perspectivas hacia un&nbsp; mejoramiento y mayor desarrollo en&nbsp; los prop\u00f3sitos de superaci\u00f3n e integraci\u00f3n, generadores de empleo e impulsores de desarrollo y progreso, las tensiones, el descontrol y la ausencia de una gesti\u00f3n edificante y trascendente ser\u00e1n la respuesta diaria y desalentadora, como lo determina y evidencia&nbsp; la realidad del ahora y las limitantes del momento.<\/p>\n<p>Lo anotamos con sincera convicci\u00f3n, porque la lejan\u00eda y la falta de coordinaciones al mayor nivel, as\u00ed como en lo relativo a las actuaciones que en lo&nbsp; gubernamental departamental&nbsp; y municipal, deben correlacionarse, porque hay distanciamientos y vac\u00edos que solo producir\u00e1n malestar y actitudes contrarias a lo que debiera ser el esp\u00edritu cooperador y de mutuas colaboraciones entre los dos estados. Adem\u00e1s, estas conductas perjudiciales y abiertamente contrarias a lo que anhelamos los habitantes de las dos naciones tienen que volcarse hacia la b\u00fasqueda de labores y empe\u00f1os que permitan educar y hacer progresar social y econ\u00f3micamente a los dos pa\u00edses, con&nbsp; iniciativas, propuestas y empe\u00f1os que persigan el aprovechamiento de nuestros recursos y&nbsp; una mejor ubicaci\u00f3n en el contexto internacional.<\/p>\n<p>2.- Seguir creyendo que el armamentismo, el af\u00e1n de dominio&nbsp; y el&nbsp; absolutismo del Estado son la&nbsp; mejor&nbsp; opci\u00f3n y la de mayor vigencia es no captar los estertores de muchas naciones, el extrav\u00edo de los mercados y el permanente decaimiento en la atenci\u00f3n a las exigencias que hoy precisan la humanidad&nbsp; y las necesidades&nbsp; del&nbsp; planeta. Lo que se necesita y en un&nbsp; ahora constante, es la interrelaci\u00f3n y la m\u00e1s clara y pronta&nbsp; concurrencia hacia la atenci\u00f3n de lo b\u00e1sico y esencial, para el&nbsp; progreso y desarrollo de los pueblos.<\/p>\n<p>Entre Venezuela y Colombia hay muchas opciones y perspectivas de alto contenido que no se han analizado suficientemente, ni puesto al an\u00e1lisis de los m\u00e1s importantes centros de estudio y valoraci\u00f3n de perspectivas. D\u00edgalo si no, lo que se pudiera hacer en industrializaci\u00f3n y canalizaci\u00f3n de labores compartidas, con mejores aprovechamientos agr\u00edcolas, ganaderos y de fuentes primarias y b\u00e1sicas, para los desarrollos como lo sintetizan el agua, el gas y la armonizaci\u00f3n de pol\u00edticas para el estrechamiento de v\u00ednculos y pol\u00edticas en intercomunicaciones viales- incluyendo lo a\u00e9reo y lo f\u00e9rreo- y las coordinaciones aduaneras y en otras materias y campos, dada nuestra excepcional ubicaci\u00f3n geoestrat\u00e9gica.<\/p>\n<p>&nbsp;<\/p>\n<p>3.- Entre &nbsp;las hermanas rep\u00fablicas de&nbsp; Colombia y Venezuela \u2013 o a la inversa &#8211; lo que ha faltado y, diariamente se ratifica&nbsp; y constata, es en el no ponernos de acuerdo y no buscar f\u00f3rmulas y alternativas que sustituyan el exagerado centralismo y&nbsp; la carencia de una dirigencia fronteriza&nbsp; que comparta encuentros y reuniones constructivas de car\u00e1cter permanente. Los presidentes Santos y Maduro, tienen ante s\u00ed un reto incuestionable, o sea, darle plenitud y claridad constructiva al dicho del libertador Sim\u00f3n Bol\u00edvar: \u201cEl no habernos compuesto con Santander, nos ha perjudicado a todos\u201d.<\/p>\n<p>Con respeto y sin \u00e1nimo provocador, que no sea el deseo&nbsp; de superaci\u00f3n hacia el entendimiento y la cooperaci\u00f3n mutuos \u2013 invitamos a los gobiernos y al&nbsp; n\u00facleo pensante y actuante de los dos pa\u00edses a un obrar abierto y claro hacia el progreso.&nbsp; Y convocamos a las dos naciones a una labor integrada y en equipo para mejorar y proyectar los pueblos, ahora y en procura de un verdadero y ejemplarizante futuro. La vivencia de la situaci\u00f3n en las fronteras evidencia y demuestra lo mucho que se podr\u00eda hacer, mediante una labor concertada. En las canciller\u00edas hay propuestas sobre parques industriales y tecnol\u00f3gicos, zonas francas especializadas, zonas aduaneras para maquilas y&nbsp; atenci\u00f3n para las universidades en investigaci\u00f3n e innovaciones.<\/p>\n<p><strong>JOS\u00c9 NEIRA REY<\/strong><\/p>\n<p><a href=\"mailto:jneirarey@hotmail.com\"><strong>jneirarey@hotmail.com<\/strong><\/a><\/p>\n<p><strong>Foto: <\/strong><\/p>\n<p>&nbsp;<\/p>\n<p>&nbsp;<\/p>\n<p>&nbsp;<\/p>\n<p>&nbsp; <\/p>\n","protected":false},"excerpt":{"rendered":"<p>1.- Mientras no haya un aut\u00e9ntico&nbsp; y verdadero entendimiento entre las fuentes de poder de Venezuela y Colombia, y participando una representaci\u00f3n diligente y activa de las zonas fronterizas con el fin de atender y resolver cuanto acontece en las relaciones de mancomunidad y correspondencia bilateral, como en las perspectivas hacia un&nbsp; mejoramiento y mayor &hellip;<\/p>\n","protected":false},"author":1,"featured_media":29156,"comment_status":"open","ping_status":"open","sticky":false,"template":"","format":"standard","meta":{"footnotes":""},"categories":[14,4],"tags":[382,956],"class_list":["post-29155","post","type-post","status-publish","format-standard","has-post-thumbnail","hentry","category-articulistas","category-barra","tag-jose-neira","tag-notas-al-margen"],"_links":{"self":[{"href":"https:\/\/contraluzcucuta.co\/index.php?rest_route=\/wp\/v2\/posts\/29155","targetHints":{"allow":["GET"]}}],"collection":[{"href":"https:\/\/contraluzcucuta.co\/index.php?rest_route=\/wp\/v2\/posts"}],"about":[{"href":"https:\/\/contraluzcucuta.co\/index.php?rest_route=\/wp\/v2\/types\/post"}],"author":[{"embeddable":true,"href":"https:\/\/contraluzcucuta.co\/index.php?rest_route=\/wp\/v2\/users\/1"}],"replies":[{"embeddable":true,"href":"https:\/\/contraluzcucuta.co\/index.php?rest_route=%2Fwp%2Fv2%2Fcomments&post=29155"}],"version-history":[{"count":1,"href":"https:\/\/contraluzcucuta.co\/index.php?rest_route=\/wp\/v2\/posts\/29155\/revisions"}],"predecessor-version":[{"id":29157,"href":"https:\/\/contraluzcucuta.co\/index.php?rest_route=\/wp\/v2\/posts\/29155\/revisions\/29157"}],"wp:featuredmedia":[{"embeddable":true,"href":"https:\/\/contraluzcucuta.co\/index.php?rest_route=\/wp\/v2\/media\/29156"}],"wp:attachment":[{"href":"https:\/\/contraluzcucuta.co\/index.php?rest_route=%2Fwp%2Fv2%2Fmedia&parent=29155"}],"wp:term":[{"taxonomy":"category","embeddable":true,"href":"https:\/\/contraluzcucuta.co\/index.php?rest_route=%2Fwp%2Fv2%2Fcategories&post=29155"},{"taxonomy":"post_tag","embeddable":true,"href":"https:\/\/contraluzcucuta.co\/index.php?rest_route=%2Fwp%2Fv2%2Ftags&post=29155"}],"curies":[{"name":"wp","href":"https:\/\/api.w.org\/{rel}","templated":true}]}}