{"id":29149,"date":"2017-01-17T21:03:36","date_gmt":"2017-01-18T02:03:36","guid":{"rendered":"http:\/\/contraluzcucuta.co\/?p=29149"},"modified":"2017-01-17T21:03:36","modified_gmt":"2017-01-18T02:03:36","slug":"infraestructura-vial-compromisos-pactados-empiezan-materializarse","status":"publish","type":"post","link":"https:\/\/contraluzcucuta.co\/?p=29149","title":{"rendered":"INFRAESTRUCTURA VIAL. Compromisos pactados empiezan a materializarse"},"content":{"rendered":"<p><strong>C\u00daCUTA.-<\/strong> Los compromisos adquiridos con las comunidades por parte del gobernador William Villamizar se han cumplido de manera efectiva. As\u00ed lo inform\u00f3 Rafael Segundo Ram\u00edrez, secretario de Infraestructura Vial de Norte de Santander. El funcionario entreg\u00f3 un breve balance del impacto que han tenido las visitas institucionales en diversos municipios.<\/p>\n<p><strong>1.- San Calixto<\/strong><\/p>\n<p>&#8211; $ 800 millones para los estudios y dise\u00f1os del Anillo Vial para la Paz, que conectar\u00e1 a Hacar\u00ed con San Calixto y El Tarra, en un trayecto de 110 kil\u00f3metros.<\/p>\n<p>&#8211; $ 5000 millones para el mejoramiento de la v\u00eda entre Teorama y San Calixto.<\/p>\n<p>&#8211; $ 150 millones para la recuperaci\u00f3n del parque automotor que corresponde al banco de maquinaria.<\/p>\n<p>&#8211; $ 350 millones para atender la red terciaria.<\/p>\n<p><strong>2.- Durania<\/strong><\/p>\n<p>&#8211; $ 2000 millones para los dise\u00f1os y el arreglo del corredor vial entre La Donjuana y Durania<\/p>\n<p>&#8211; $ 1000 para atender el tramo Durania-Villa Sucre (corregimiento de Arboledas). Los recursos provienen del Sistema General de Regal\u00edas, lo que se convierte en un alivio para la comunidad y para las alcald\u00edas.<\/p>\n<p>El secretario Ram\u00edrez anunci\u00f3 la autorizaci\u00f3n de recursos para la compra de equipos para que la comunidad haga mantenimiento de las v\u00edas.<\/p>\n<p><strong>Foto: PRENSA GOBERNACI\u00d3N<\/strong><\/p>\n<p>&nbsp; <\/p>\n","protected":false},"excerpt":{"rendered":"<p>C\u00daCUTA.- Los compromisos adquiridos con las comunidades por parte del gobernador William Villamizar se han cumplido de manera efectiva. As\u00ed lo inform\u00f3 Rafael Segundo Ram\u00edrez, secretario de Infraestructura Vial de Norte de Santander. El funcionario entreg\u00f3 un breve balance del impacto que han tenido las visitas institucionales en diversos municipios. 1.- San Calixto &#8211; $ &hellip;<\/p>\n","protected":false},"author":1,"featured_media":29150,"comment_status":"open","ping_status":"open","sticky":false,"template":"","format":"standard","meta":{"footnotes":""},"categories":[2630],"tags":[2800,2895],"class_list":["post-29149","post","type-post","status-publish","format-standard","has-post-thumbnail","hentry","category-gobernacion","tag-gobernador-william-villamizar","tag-secretaria-de-infraestructura"],"_links":{"self":[{"href":"https:\/\/contraluzcucuta.co\/index.php?rest_route=\/wp\/v2\/posts\/29149","targetHints":{"allow":["GET"]}}],"collection":[{"href":"https:\/\/contraluzcucuta.co\/index.php?rest_route=\/wp\/v2\/posts"}],"about":[{"href":"https:\/\/contraluzcucuta.co\/index.php?rest_route=\/wp\/v2\/types\/post"}],"author":[{"embeddable":true,"href":"https:\/\/contraluzcucuta.co\/index.php?rest_route=\/wp\/v2\/users\/1"}],"replies":[{"embeddable":true,"href":"https:\/\/contraluzcucuta.co\/index.php?rest_route=%2Fwp%2Fv2%2Fcomments&post=29149"}],"version-history":[{"count":1,"href":"https:\/\/contraluzcucuta.co\/index.php?rest_route=\/wp\/v2\/posts\/29149\/revisions"}],"predecessor-version":[{"id":29151,"href":"https:\/\/contraluzcucuta.co\/index.php?rest_route=\/wp\/v2\/posts\/29149\/revisions\/29151"}],"wp:featuredmedia":[{"embeddable":true,"href":"https:\/\/contraluzcucuta.co\/index.php?rest_route=\/wp\/v2\/media\/29150"}],"wp:attachment":[{"href":"https:\/\/contraluzcucuta.co\/index.php?rest_route=%2Fwp%2Fv2%2Fmedia&parent=29149"}],"wp:term":[{"taxonomy":"category","embeddable":true,"href":"https:\/\/contraluzcucuta.co\/index.php?rest_route=%2Fwp%2Fv2%2Fcategories&post=29149"},{"taxonomy":"post_tag","embeddable":true,"href":"https:\/\/contraluzcucuta.co\/index.php?rest_route=%2Fwp%2Fv2%2Ftags&post=29149"}],"curies":[{"name":"wp","href":"https:\/\/api.w.org\/{rel}","templated":true}]}}