{"id":29143,"date":"2017-01-17T16:07:42","date_gmt":"2017-01-17T21:07:42","guid":{"rendered":"http:\/\/contraluzcucuta.co\/?p=29143"},"modified":"2017-01-17T16:07:42","modified_gmt":"2017-01-17T21:07:42","slug":"perfil-bili-hernandez-un-barco-sin-rumbo","status":"publish","type":"post","link":"https:\/\/contraluzcucuta.co\/?p=29143","title":{"rendered":"PERFIL. Bili Hern\u00e1ndez, &#8216;un barco&#8217; sin rumbo"},"content":{"rendered":"<p><strong>C\u00daCUTA.-<\/strong> Bili&nbsp; Hern\u00e1ndez, de 24 a\u00f1os, nacido en Valencia (Venezuela), es artista por vocaci\u00f3n, cantante y compositor de rap, hip hop y m\u00fasica protesta. Inici\u00f3 la carrera a los 16 a\u00f1os, en el parque. Junto a los amigos empez\u00f3 a interpretar canciones alusivas a la inconformidad que vive el pa\u00eds. Ha participado en el festival de rock 100 % venezolano, Hot-Roak y en audiciones de para el <em>show<\/em> de Nueva Juanda, en Caracas.<\/p>\n<p>La m\u00fasica la lleva en las venas. Trabaja fuerte para grabar el primer disco y darse a conocer en las redes sociales y entre los apasionados por este g\u00e9nero. \u201cEn la calle se aprende de todo\u201d. Incursion\u00f3 como artista callejero con malabares con pinos, pelotas y dediles con fuego. Este \u00faltimo lo hace despu\u00e9s de las 5:00 de la tarde.<\/p>\n<p>Lo caracterizan la sencillez, la amabilidad y la sinceridad. Luce cabellera larga y barba, viste pantalones cortos, medias de jugar f\u00fatbol y franela amarilla a rayas. La tranquilidad con la que vive lo ha llevado a tener buenas relaciones de amistad. La esposa hace las veces de escudero, &nbsp;lo acompa\u00f1a en cada viaje y trabaja juntos en la funci\u00f3n vespertina.<\/p>\n<p>El paso por Colombia obedece a la crisis pol\u00edtica y social que vive Venezuela, factores que los motivaron a tomar otros rumbos en la vida. Hace tres meses est\u00e1 en C\u00facuta y ha montado el espect\u00e1culo en diferentes sectores de la ciudad. Es analista y ha comparado la cultura de los dos pa\u00edses. \u201cLos colombianos son m\u00e1s respetuosos y colaboradores; los venezolanos son echadores de broma, lo ven a uno con las peloticas y le dicen \u2018mira, payasito\u2019 juega con estas pelotas\u201d.<\/p>\n<p>Eso hace parte de la cultura de cada qui\u00e9n. \u201cLos ojos son la ventana del alma\u201d, dijo al describir la manera de ser y la personalidad&nbsp; de cada individuo. En la estad\u00eda en&nbsp; Colombia ha encontrado artistas de otros pa\u00edses que est\u00e1n en tr\u00e1nsito. C\u00facuta, por ser ciudad de frontera, los lleva a continuar el viaje por Latinoam\u00e9rica. Ese es uno de tantos&nbsp; sue\u00f1os que tiene Bili y la pr\u00f3xima parada ser\u00e1 en Ecuador para seguir a Per\u00fa.<\/p>\n<p>Los sue\u00f1os lo motivan a diario y la meta es estudiar comunicaci\u00f3n social, lo apasionan los medios. Trabaj\u00f3 como locutor en una emisora en Valencia, y la producci\u00f3n audiovisual ser\u00eda su fuerte. \u201cLos sue\u00f1os no tienen barreras\u201d, es solo luchar por alcanzarlos.<\/p>\n<p>Este valenciano relaciona el arte con el aire que respira, a cada momento hay que disfrutarlo y sacarle el mejor provecho. Trabajar en las calles de diferentes ciudades es una experiencia gratificante. La relaci\u00f3n con los dem\u00e1s y conocer el mundo&nbsp; le ayudaran para escribir un libro. \u201cLa vida es solo un ratico y hay que vivirla para contarla\u201d.<\/p>\n<p>Cuando estaba peque\u00f1o no imagin\u00f3 que la vida ser\u00eda tan dura, que tuviera que abandonar el pa\u00eds, la familia y lo que quiere, porque en&nbsp; Venezuela no hay esperanzas de un futuro bajo el dominio del r\u00e9gimen del presidente Nicol\u00e1s Maduro. Es triste ver a los dem\u00e1s soportar ese drama y no decidirse a hacer otra vida y en otro pa\u00eds. No sabe ad\u00f3nde ir\u00e1 a parar su vida, a qu\u00e9 lugar llegar\u00e1 para asentarse, o si volver a la amada Venezuela.<\/p>\n<p>Compara el arte callejero con un medio de sostenimiento. Nunca ha aguantado hambre, no ha dormido en la calle, &nbsp;podr\u00e1 viajar y conocer en busca de una mejor vida en cualquier lugar del mundo. No sabe cu\u00e1nto tiempo estar\u00e1 en C\u00facuta, lo que s\u00ed tiene claro es el tama\u00f1o de las metas. La vida de este so\u00f1ador es como un barco a la deriva, pero acompa\u00f1ado del mejor capit\u00e1n en cualquier momento llegar\u00e1 a tierra firme.<\/p>\n<p>La esquina del sem\u00e1foro donde trabaja es compartida con vendedores ambulantes. La amistad creada desde la llegada es buena, laboran en un ambiente de tranquilidad, a pesar del fuerte sol que azota la ciudad. Llega temprano y trabaja como si estuviera en una empresa. La amabilidad y la generosidad las hered\u00f3 de la madre y por tal raz\u00f3n le resulta f\u00e1cil adaptarse a cualquier lugar.<\/p>\n<p>Extra\u00f1a la casa y la familia, cada vez que puede llama para no sentirse alejado. \u201cEs dif\u00edcil saber que comiste, llamas a casa y te cuentan que no han cenado, porque no tienen mercado. Eso me parte el alma\u201d. La relaci\u00f3n de amor hacia la familia es grande. La uni\u00f3n es fraternal, por eso los sue\u00f1os lo motivan a luchar y alg\u00fan d\u00eda tenderles la mano. Quiere tener un hogar para vivir c\u00f3modo, formar una familia y que la m\u00fasica sea la fuente de trabajo.<\/p>\n<p><strong>ISMAEL CANAVATE<\/strong><\/p>\n<p><strong>Estudiante de Comunicaci\u00f3n Social<\/strong><\/p>\n<p><strong>Universidad de Pamplona<\/strong><\/p>\n<p><strong>Campus de Villa del Rosario<\/strong><\/p>\n<p><strong>Foto: Especial para <a href=\"http:\/\/www.contraluzcucuta.co\">www.contraluzcucuta.co<\/a><\/strong><\/p>\n<p><strong>&nbsp;<\/strong> <\/p>\n","protected":false},"excerpt":{"rendered":"<p>C\u00daCUTA.- Bili&nbsp; Hern\u00e1ndez, de 24 a\u00f1os, nacido en Valencia (Venezuela), es artista por vocaci\u00f3n, cantante y compositor de rap, hip hop y m\u00fasica protesta. Inici\u00f3 la carrera a los 16 a\u00f1os, en el parque. Junto a los amigos empez\u00f3 a interpretar canciones alusivas a la inconformidad que vive el pa\u00eds. Ha participado en el festival &hellip;<\/p>\n","protected":false},"author":1,"featured_media":29144,"comment_status":"open","ping_status":"open","sticky":false,"template":"","format":"standard","meta":{"footnotes":""},"categories":[17,4],"tags":[2597,161],"class_list":["post-29143","post","type-post","status-publish","format-standard","has-post-thumbnail","hentry","category-conversaciones-a-contraluz","category-barra","tag-aula-universitaria","tag-universidad-de-pamplona"],"_links":{"self":[{"href":"https:\/\/contraluzcucuta.co\/index.php?rest_route=\/wp\/v2\/posts\/29143","targetHints":{"allow":["GET"]}}],"collection":[{"href":"https:\/\/contraluzcucuta.co\/index.php?rest_route=\/wp\/v2\/posts"}],"about":[{"href":"https:\/\/contraluzcucuta.co\/index.php?rest_route=\/wp\/v2\/types\/post"}],"author":[{"embeddable":true,"href":"https:\/\/contraluzcucuta.co\/index.php?rest_route=\/wp\/v2\/users\/1"}],"replies":[{"embeddable":true,"href":"https:\/\/contraluzcucuta.co\/index.php?rest_route=%2Fwp%2Fv2%2Fcomments&post=29143"}],"version-history":[{"count":1,"href":"https:\/\/contraluzcucuta.co\/index.php?rest_route=\/wp\/v2\/posts\/29143\/revisions"}],"predecessor-version":[{"id":29145,"href":"https:\/\/contraluzcucuta.co\/index.php?rest_route=\/wp\/v2\/posts\/29143\/revisions\/29145"}],"wp:featuredmedia":[{"embeddable":true,"href":"https:\/\/contraluzcucuta.co\/index.php?rest_route=\/wp\/v2\/media\/29144"}],"wp:attachment":[{"href":"https:\/\/contraluzcucuta.co\/index.php?rest_route=%2Fwp%2Fv2%2Fmedia&parent=29143"}],"wp:term":[{"taxonomy":"category","embeddable":true,"href":"https:\/\/contraluzcucuta.co\/index.php?rest_route=%2Fwp%2Fv2%2Fcategories&post=29143"},{"taxonomy":"post_tag","embeddable":true,"href":"https:\/\/contraluzcucuta.co\/index.php?rest_route=%2Fwp%2Fv2%2Ftags&post=29143"}],"curies":[{"name":"wp","href":"https:\/\/api.w.org\/{rel}","templated":true}]}}