{"id":29087,"date":"2017-01-11T09:20:19","date_gmt":"2017-01-11T14:20:19","guid":{"rendered":"http:\/\/contraluzcucuta.co\/?p=29087"},"modified":"2017-01-11T09:20:19","modified_gmt":"2017-01-11T14:20:19","slug":"crisis-en-la-frontera-camara-de-comercio-apoya-sostener-enfoque-diferencial-para-apertura","status":"publish","type":"post","link":"https:\/\/contraluzcucuta.co\/?p=29087","title":{"rendered":"CRISIS EN LA FRONTERA. C\u00e1mara de Comercio apoya sostener enfoque diferencial para apertura"},"content":{"rendered":"<p><strong>C\u00daCUTA-<\/strong> Luego de m\u00e1s de un a\u00f1o de debates diplom\u00e1ticos sobre el destino del eje fronterizo colombo-venezolano, la C\u00e1mara de Comercio de C\u00facuta ve con claridad que el trabajo Gobierno-Empresa-Comunidad ha permitido que la cultura de la legalidad y la formalidad se fortalezca. El reconocimiento est\u00e1 planteado en la carta enviada a la canciller Mar\u00eda \u00c1ngela Holgu\u00edn como respaldo al Gobierno frente a recientes determinaciones asumidas en Caracas.<\/p>\n<p>La crisis econ\u00f3mica y humanitaria que afronta la zona lim\u00edtrofe, y que inici\u00f3 en agosto de 2015 por decisi\u00f3n del presidente Nicol\u00e1s Maduro, no precedentes hist\u00f3ricos en la relaci\u00f3n de los dos pa\u00edses. Ante esta situaci\u00f3n, \u201dlos Estados, en este nuevo contexto de apertura externa, han tomado el camino de la integraci\u00f3n\u201d, se\u00f1ala el documento de la C\u00e1mara de Comercio.<\/p>\n<p>La integraci\u00f3n a la que se refiere la entidad cucute\u00f1a debe ser entendida como un proceso, un camino, m\u00e1s que como un fin. \u201cLa integraci\u00f3n respeta la especificidad y la diferencia, buscando lograr un sentido de comunidad\u201d.<\/p>\n<p>La integraci\u00f3n es un fen\u00f3meno que involucra una multiplicidad de \u00e1reas, dimensiones y relaciones, tanto de orden interno como externo, por eso, un esquema de integraci\u00f3n debe ser construido por un proceso que involucre todos los segmentos de la sociedad y que cuente con un f\u00e9rreo compromiso pol\u00edtico de los gobiernos y de los sectores gobernantes, locales y empresariales.<\/p>\n<p>\u201cSomos practicantes del concepto de la \u2018democratizaci\u00f3n de la integraci\u00f3n\u2019, que implica reconocer la integraci\u00f3n como un hecho de la sociedad, sea cual sea la forma que adopte nacional o regional, ya que es la sociedad el verdadero agente y sujeto de la integraci\u00f3n y el desarrollo\u201d, se\u00f1ala el documento firmado por el presidente de la C\u00e1mara Carlos Luna.<\/p>\n<p>Como garante de la Agenda Regional de Competitividad de Norte de Santander, la C\u00e1mara de Comercio reconoce y apoya la posici\u00f3n del Gobierno, en manos de la Canciller\u00eda, \u201cpara sostener un enfoque diferencial de la apertura fronteriza, que involucre una reconstrucci\u00f3n binacional e integral de las bases, para un modelo de frontera estable y debidamente articulado con el desarrollo de las dos naciones\u201d.<\/p>\n<p>El entorno socioecon\u00f3mico de Norte de Santander requer\u00eda de una posici\u00f3n justa, equilibrada y contundente del Estado, por el respeto a las &nbsp;instituciones civiles y pol\u00edticas de la regi\u00f3n, involucradas en el proceso de apertura fronteriza.<\/p>\n<p><strong>Foto: Archivo<\/strong><\/p>\n<p>&nbsp;<\/p>\n<p>&nbsp; <\/p>\n","protected":false},"excerpt":{"rendered":"<p>C\u00daCUTA- Luego de m\u00e1s de un a\u00f1o de debates diplom\u00e1ticos sobre el destino del eje fronterizo colombo-venezolano, la C\u00e1mara de Comercio de C\u00facuta ve con claridad que el trabajo Gobierno-Empresa-Comunidad ha permitido que la cultura de la legalidad y la formalidad se fortalezca. El reconocimiento est\u00e1 planteado en la carta enviada a la canciller Mar\u00eda &hellip;<\/p>\n","protected":false},"author":1,"featured_media":29088,"comment_status":"open","ping_status":"open","sticky":false,"template":"","format":"standard","meta":{"footnotes":""},"categories":[4,6],"tags":[375,1592,2483],"class_list":["post-29087","post","type-post","status-publish","format-standard","has-post-thumbnail","hentry","category-barra","category-ojo-avizor","tag-camara-de-comercio-de-cucuta","tag-carlos-luna","tag-crisis-en-la-frontera"],"_links":{"self":[{"href":"https:\/\/contraluzcucuta.co\/index.php?rest_route=\/wp\/v2\/posts\/29087","targetHints":{"allow":["GET"]}}],"collection":[{"href":"https:\/\/contraluzcucuta.co\/index.php?rest_route=\/wp\/v2\/posts"}],"about":[{"href":"https:\/\/contraluzcucuta.co\/index.php?rest_route=\/wp\/v2\/types\/post"}],"author":[{"embeddable":true,"href":"https:\/\/contraluzcucuta.co\/index.php?rest_route=\/wp\/v2\/users\/1"}],"replies":[{"embeddable":true,"href":"https:\/\/contraluzcucuta.co\/index.php?rest_route=%2Fwp%2Fv2%2Fcomments&post=29087"}],"version-history":[{"count":1,"href":"https:\/\/contraluzcucuta.co\/index.php?rest_route=\/wp\/v2\/posts\/29087\/revisions"}],"predecessor-version":[{"id":29089,"href":"https:\/\/contraluzcucuta.co\/index.php?rest_route=\/wp\/v2\/posts\/29087\/revisions\/29089"}],"wp:featuredmedia":[{"embeddable":true,"href":"https:\/\/contraluzcucuta.co\/index.php?rest_route=\/wp\/v2\/media\/29088"}],"wp:attachment":[{"href":"https:\/\/contraluzcucuta.co\/index.php?rest_route=%2Fwp%2Fv2%2Fmedia&parent=29087"}],"wp:term":[{"taxonomy":"category","embeddable":true,"href":"https:\/\/contraluzcucuta.co\/index.php?rest_route=%2Fwp%2Fv2%2Fcategories&post=29087"},{"taxonomy":"post_tag","embeddable":true,"href":"https:\/\/contraluzcucuta.co\/index.php?rest_route=%2Fwp%2Fv2%2Ftags&post=29087"}],"curies":[{"name":"wp","href":"https:\/\/api.w.org\/{rel}","templated":true}]}}