{"id":29082,"date":"2017-01-06T22:25:09","date_gmt":"2017-01-07T03:25:09","guid":{"rendered":"http:\/\/contraluzcucuta.co\/?p=29082"},"modified":"2017-01-06T22:25:09","modified_gmt":"2017-01-07T03:25:09","slug":"crisis-en-la-frontera-gobernacion-respalda-mantener-cerrado-paso-vehicular-en-la-frontera","status":"publish","type":"post","link":"https:\/\/contraluzcucuta.co\/?p=29082","title":{"rendered":"CRISIS EN LA FRONTERA. Gobernaci\u00f3n respalda\u00a0 mantener cerrado paso vehicular en la frontera"},"content":{"rendered":"<p><strong>C\u00daCUTA.-<\/strong> &nbsp;La administraci\u00f3n departamental apoya la decisi\u00f3n del Gobierno de mantener el cierre del paso vehicular en la frontera con Venezuela. As\u00ed lo dio a conocer la gobernadora (e) de Norte de Santander, Sonia Arango, luego de reunirse con voceros de la Canciller\u00eda de Colombia, la Alcald\u00eda y la C\u00e1mara de Comercio de C\u00facuta.<\/p>\n<p>\u201cTenemos claro que el Gobierno mantendr\u00e1 el respaldo a los nortesantandereanos en el suministro y precio preferencial del combustible, lo que evitar\u00e1 el desabastecimiento de gasolina y ACPM en la regi\u00f3n\u201d, dijo Arango Medina.<\/p>\n<p>El alcalde (e) de C\u00facuta, Mauricio Franco, precis\u00f3 que \u201cno habr\u00e1 una apertura vehicular de la frontera\u201d, hasta que las negociaciones entre los gobiernos de Colombia y Venezuela \u201clleguen a un acuerdo que garantice el bienestar de ambos territorios\u201d.<\/p>\n<p>La canciller Mar\u00eda \u00c1ngela Holgu\u00edn dijo en Bogot\u00e1 que \u201cno vamos a abrir el paso para carros en la frontera, porque no vamos a dejar que otra vez nos invada la gasolina de contrabando en C\u00facuta\u201d.<\/p>\n<p>No se puede \u201cestar al vaiv\u00e9n de las decisiones de Venezuela, porque no sabemos si dentro de un mes vuelven y cierran esta posibilidad en la frontera\u201d, anot\u00f3 la ministra.<\/p>\n<p>El gobierno venezolano anunci\u00f3 que permitir\u00e1 la venta de combustible para carros colombianos en estaciones de la frontera. A ra\u00edz de esas declaraciones desde Caracas, sobrevinieron las declaraciones de la Gobernaci\u00f3n de Norte de Santander, la Alcald\u00eda de C\u00facuta y la Canciller\u00eda.<\/p>\n<p>El paso peatonal fronterizo seguir\u00e1 con normalidad, para permitir la movilizaci\u00f3n de colombianos y venezolanos. Tambi\u00e9n, se avanzar\u00e1 con los trabajos para lograr una frontera controlada, din\u00e1mica y segura.<\/p>\n<p><strong>Foto: <a href=\"http:\/\/www.aporrea.org\">www.aporrea.org<\/a><\/strong><\/p>\n<p>&nbsp; <\/p>\n","protected":false},"excerpt":{"rendered":"<p>C\u00daCUTA.- &nbsp;La administraci\u00f3n departamental apoya la decisi\u00f3n del Gobierno de mantener el cierre del paso vehicular en la frontera con Venezuela. As\u00ed lo dio a conocer la gobernadora (e) de Norte de Santander, Sonia Arango, luego de reunirse con voceros de la Canciller\u00eda de Colombia, la Alcald\u00eda y la C\u00e1mara de Comercio de C\u00facuta. \u201cTenemos &hellip;<\/p>\n","protected":false},"author":1,"featured_media":29083,"comment_status":"open","ping_status":"open","sticky":false,"template":"","format":"standard","meta":{"footnotes":""},"categories":[2630],"tags":[226,375,2483,379],"class_list":["post-29082","post","type-post","status-publish","format-standard","has-post-thumbnail","hentry","category-gobernacion","tag-alcaldia-de-cucuta","tag-camara-de-comercio-de-cucuta","tag-crisis-en-la-frontera","tag-gobernacion-de-norte-de-santander"],"_links":{"self":[{"href":"https:\/\/contraluzcucuta.co\/index.php?rest_route=\/wp\/v2\/posts\/29082","targetHints":{"allow":["GET"]}}],"collection":[{"href":"https:\/\/contraluzcucuta.co\/index.php?rest_route=\/wp\/v2\/posts"}],"about":[{"href":"https:\/\/contraluzcucuta.co\/index.php?rest_route=\/wp\/v2\/types\/post"}],"author":[{"embeddable":true,"href":"https:\/\/contraluzcucuta.co\/index.php?rest_route=\/wp\/v2\/users\/1"}],"replies":[{"embeddable":true,"href":"https:\/\/contraluzcucuta.co\/index.php?rest_route=%2Fwp%2Fv2%2Fcomments&post=29082"}],"version-history":[{"count":1,"href":"https:\/\/contraluzcucuta.co\/index.php?rest_route=\/wp\/v2\/posts\/29082\/revisions"}],"predecessor-version":[{"id":29084,"href":"https:\/\/contraluzcucuta.co\/index.php?rest_route=\/wp\/v2\/posts\/29082\/revisions\/29084"}],"wp:featuredmedia":[{"embeddable":true,"href":"https:\/\/contraluzcucuta.co\/index.php?rest_route=\/wp\/v2\/media\/29083"}],"wp:attachment":[{"href":"https:\/\/contraluzcucuta.co\/index.php?rest_route=%2Fwp%2Fv2%2Fmedia&parent=29082"}],"wp:term":[{"taxonomy":"category","embeddable":true,"href":"https:\/\/contraluzcucuta.co\/index.php?rest_route=%2Fwp%2Fv2%2Fcategories&post=29082"},{"taxonomy":"post_tag","embeddable":true,"href":"https:\/\/contraluzcucuta.co\/index.php?rest_route=%2Fwp%2Fv2%2Ftags&post=29082"}],"curies":[{"name":"wp","href":"https:\/\/api.w.org\/{rel}","templated":true}]}}